{"id":7373,"date":"2025-07-14T10:04:07","date_gmt":"2025-07-14T08:04:07","guid":{"rendered":"https:\/\/www.naturemweltasbl.lu\/?p=7373"},"modified":"2025-07-14T10:04:07","modified_gmt":"2025-07-14T08:04:07","slug":"eir-2025","status":"publish","type":"post","link":"https:\/\/www.naturemweltasbl.lu\/de\/eir-2025\/","title":{"rendered":"EU Environmental Implementation Review 2025"},"content":{"rendered":"<p style=\"font-weight: 400;\"><strong>Finanzierungs- und Umsetzungsl\u00fccken: Luxemburgs Umwelteffizienz steht im Rahmen der EIR 2025 vor Hindernissen in Bezug auf Biodiversit\u00e4t und Umweltverschmutzung<\/strong><\/p>\n<p style=\"font-weight: 400;\"><em>Die Europ\u00e4ische Kommission hat k\u00fcrzlich die Ausgabe 2025 ihres EU Environmental Implementation Review (EIR) ver\u00f6ffentlicht. Dieser Bericht ist ein Instrument, das eine umfassende Bewertung der Umsetzung der Umweltgesetzgebung durch die EU-Mitgliedstaaten liefert. Der Bericht \u00fcber Luxemburg enth\u00e4lt sowohl ermutigende Aspekte als auch dringende Warnungen. In ihm werden wichtige Erfolge dargelegt und gleichzeitig anhaltende L\u00fccken aufgezeigt, die politische Aufmerksamkeit und gezielte Investitionen erfordern.<\/em><\/p>\n<div class=\"fusion-image-carousel fusion-image-carousel-auto fusion-image-carousel-1\"><div class=\"awb-carousel awb-swiper awb-swiper-carousel awb-carousel--carousel awb-swiper-dots-position-bottom\" data-layout=\"carousel\" data-autoplay=\"no\" data-autoplayspeed=\"2500\" data-autoplaypause=\"no\" data-loop=\"yes\" data-columns=\"5\" data-columnsmedium=\"1\" data-columnssmall=\"1\" data-itemmargin=\"13\" data-itemwidth=\"180\" data-touchscroll=\"no\" data-freemode=\"no\" data-imagesize=\"auto\" data-scrollitems=\"0\" data-centeredslides=\"no\" data-rotationangle=\"50\" data-depth=\"100\" data-speed=\"500\" data-shadow=\"no\" data-pagination=\"bullets\" style=\"--awb-dots-align:center;\"><div class=\"swiper-wrapper awb-image-carousel-wrapper fusion-flex-align-items-center\"><div class=\"swiper-slide\"><div class=\"fusion-carousel-item-wrapper\"><div class=\"fusion-image-wrapper hover-type-none\"><img decoding=\"async\" width=\"2560\" height=\"1708\" src=\"https:\/\/www.naturemweltasbl.lu\/wp-content\/uploads\/2025\/07\/AdobeStock_562858572_Editorial_Use_Only-scaled.jpeg\" class=\"attachment-full size-full\" alt=\"\" srcset=\"https:\/\/www.naturemweltasbl.lu\/wp-content\/uploads\/2025\/07\/AdobeStock_562858572_Editorial_Use_Only-200x133.jpeg 200w, https:\/\/www.naturemweltasbl.lu\/wp-content\/uploads\/2025\/07\/AdobeStock_562858572_Editorial_Use_Only-300x200.jpeg 300w, https:\/\/www.naturemweltasbl.lu\/wp-content\/uploads\/2025\/07\/AdobeStock_562858572_Editorial_Use_Only-400x267.jpeg 400w, https:\/\/www.naturemweltasbl.lu\/wp-content\/uploads\/2025\/07\/AdobeStock_562858572_Editorial_Use_Only-500x334.jpeg 500w, https:\/\/www.naturemweltasbl.lu\/wp-content\/uploads\/2025\/07\/AdobeStock_562858572_Editorial_Use_Only-600x400.jpeg 600w, https:\/\/www.naturemweltasbl.lu\/wp-content\/uploads\/2025\/07\/AdobeStock_562858572_Editorial_Use_Only-700x467.jpeg 700w, https:\/\/www.naturemweltasbl.lu\/wp-content\/uploads\/2025\/07\/AdobeStock_562858572_Editorial_Use_Only-768x512.jpeg 768w, https:\/\/www.naturemweltasbl.lu\/wp-content\/uploads\/2025\/07\/AdobeStock_562858572_Editorial_Use_Only-800x534.jpeg 800w, https:\/\/www.naturemweltasbl.lu\/wp-content\/uploads\/2025\/07\/AdobeStock_562858572_Editorial_Use_Only-1024x683.jpeg 1024w, https:\/\/www.naturemweltasbl.lu\/wp-content\/uploads\/2025\/07\/AdobeStock_562858572_Editorial_Use_Only-1200x800.jpeg 1200w, https:\/\/www.naturemweltasbl.lu\/wp-content\/uploads\/2025\/07\/AdobeStock_562858572_Editorial_Use_Only-1536x1025.jpeg 1536w, https:\/\/www.naturemweltasbl.lu\/wp-content\/uploads\/2025\/07\/AdobeStock_562858572_Editorial_Use_Only-scaled.jpeg 2560w\" sizes=\"(max-width: 2560px) 100vw, 2560px\" \/><\/div><\/div><\/div><\/div><div class=\"awb-swiper-button awb-swiper-button-prev\"><i class=\"awb-icon-angle-left\" aria-hidden=\"true\"><\/i><\/div><div class=\"awb-swiper-button awb-swiper-button-next\"><i class=\"awb-icon-angle-right\" aria-hidden=\"true\"><\/i><\/div><\/div><\/div>\n<p style=\"font-weight: 400;\"><em>Was ist der Environmental Implementation Review (EIR)?<\/em><\/p>\n<p style=\"font-weight: 400;\">Der EIR ist ein 2017 von der Europ\u00e4ischen Kommission eingef\u00fchrter Berichtsmechanismus, der den Mitgliedstaaten dabei helfen soll, die Umsetzung der EU-Umweltvorschriften zu verbessern. Er wird alle drei Jahre ver\u00f6ffentlicht, bewertet die Fortschritte, hebt Herausforderungen hervor und empfiehlt vorrangige Ma\u00dfnahmen. Au\u00dferdem f\u00f6rdert sie Transparenz und Zusammenarbeit und hilft Regierungen, Interessengruppen und B\u00fcrgern zu verstehen, wo Verbesserungen erforderlich sind. Die korrekte Umsetzung der EU-Umweltvorschriften ist nicht nur f\u00fcr den Schutz der Natur und der \u00f6ffentlichen Gesundheit von entscheidender Bedeutung, sondern hilft auch, unn\u00f6tige Kosten zu vermeiden. Diese werden EU-weit auf j\u00e4hrlich rund 180 Milliarden Euro gesch\u00e4tzt.<\/p>\n<ol>\n<li><strong>Fortschritt trifft auf Druck<\/strong><\/li>\n<\/ol>\n<p style=\"font-weight: 400;\">Der EIR 2025 hebt die bedeutenden Fortschritte hervor, die Luxemburg in mehreren Bereichen erzielt hat, insbesondere bei der Ressourcenproduktivit\u00e4t und der Abwasserbehandlung in St\u00e4dten. Die luxemburgische Wirtschaft z\u00e4hlt zu den effizientesten in der EU, was die Nutzung von Ressourcen zur Herstellung von Waren und Dienstleistungen betrifft. Zudem gew\u00e4hrleistet das Land die ordnungsgem\u00e4\u00dfe Sammlung und Behandlung von st\u00e4dtischem Abwasser, was f\u00fcr den Schutz der menschlichen Gesundheit und der Umwelt von wesentlicher Bedeutung ist.<\/p>\n<p style=\"font-weight: 400;\">Das wirtschaftliche und demografische Wachstum \u2013 einschlie\u00dflich des t\u00e4glichen Zustroms von Grenzg\u00e4ngern \u2013 \u00fcbt jedoch weiterhin einen zunehmenden Druck auf die Umwelt aus. Als wesentliche Belastungsfaktoren werden verst\u00e4rkte Baut\u00e4tigkeit, Emissionen im Verkehrssektor und intensive Landwirtschaft identifiziert, insbesondere im st\u00e4rker urbanisierten S\u00fcden des Landes.<\/p>\n<ol start=\"2\">\n<li><strong>Zentrale \u00f6kologische Herausforderungen<\/strong><\/li>\n<\/ol>\n<p style=\"font-weight: 400;\">Trotz einiger Erfolge hebt der EIR mehrere wichtige Probleme hervor, die Luxemburg dringend angehen muss:<\/p>\n<ul>\n<li>R\u00fcckgang der biologischen Vielfalt: Lebensr\u00e4ume und Arten verschlechtern sich zunehmend. Besonders sch\u00e4dlich sind Belastungen durch die Landwirtschaft sowie die Versiegelung von B\u00f6den. Der Bericht fordert daher entschlossene Ma\u00dfnahmen zur Wiederherstellung von \u00d6kosystemen sowie zur nachhaltigen Gestaltung der Landwirtschaft.<\/li>\n<li>Luft- und Wasserqualit\u00e4t: Luxemburg ist nicht auf dem richtigen Weg, um seine Ziele zur Luftverschmutzung f\u00fcr mehrere wichtige Schadstoffe zu erreichen. Der \u00f6kologische und chemische Zustand der Oberfl\u00e4chengew\u00e4sser ist schlecht, da keine der Gew\u00e4sser die EU-Normen erf\u00fcllt. Auch die Qualit\u00e4t des Grundwassers gibt Anlass zur Sorge.<\/li>\n<li>Abfallwirtschaft: Obwohl einige Fortschritte erzielt wurden, produziert Luxemburg nach wie vor zu viel Abfall. Der EIR empfiehlt Ma\u00dfnahmen zur Reduzierung von Abfall an der Quelle sowie zur Verbesserung der Abfallhierarchie (Reduzierung, Wiederverwendung, Recycling).<\/li>\n<li>Finanzierung: Um seine Umweltziele zu erreichen, ben\u00f6tigt Luxemburg zus\u00e4tzliche Investitionen in H\u00f6he von 403 Millionen Euro pro Jahr. Dies entspricht 0,52 % seines nationalen BIP. Zwar liegt dieser Wert unter dem EU-Durchschnitt von 0,77 %, dennoch stellt er ein erhebliches Hindernis f\u00fcr die vollst\u00e4ndige Umsetzung dar.<\/li>\n<li>F\u00fchrungsverhalten und Kapazit\u00e4ten: In Bezug auf Umwelt-F\u00fchrung der Regierung, einschlie\u00dflich \u00f6ffentlicher Beteiligung und Einhaltung von Vorschriften, schneidet das Land gut ab. Allerdings m\u00fcssen seine Verwaltungskapazit\u00e4ten f\u00fcr die Umsetzung der Wende gest\u00e4rkt werden.<\/li>\n<\/ul>\n<p style=\"font-weight: 400;\"><strong>Die Perspektive von natur&amp;\u00ebmwelt<\/strong><\/p>\n<div class=\"fusion-image-carousel fusion-image-carousel-auto fusion-image-carousel-2\"><div class=\"awb-carousel awb-swiper awb-swiper-carousel awb-carousel--carousel awb-swiper-dots-position-bottom\" data-layout=\"carousel\" data-autoplay=\"no\" data-autoplayspeed=\"2500\" data-autoplaypause=\"no\" data-loop=\"yes\" data-columns=\"5\" data-columnsmedium=\"1\" data-columnssmall=\"1\" data-itemmargin=\"13\" data-itemwidth=\"180\" data-touchscroll=\"no\" data-freemode=\"no\" data-imagesize=\"auto\" data-scrollitems=\"0\" data-centeredslides=\"no\" data-rotationangle=\"50\" data-depth=\"100\" data-speed=\"500\" data-shadow=\"no\" data-pagination=\"bullets\" style=\"--awb-dots-align:center;\"><div class=\"swiper-wrapper awb-image-carousel-wrapper fusion-flex-align-items-center\"><div class=\"swiper-slide\"><div class=\"fusion-carousel-item-wrapper\"><div class=\"fusion-image-wrapper hover-type-none\"><img decoding=\"async\" width=\"1772\" height=\"1181\" src=\"https:\/\/www.naturemweltasbl.lu\/wp-content\/uploads\/2025\/06\/\u00a9naturemweltCharly-Beck-20.png\" class=\"attachment-full size-full\" alt=\"\" srcset=\"https:\/\/www.naturemweltasbl.lu\/wp-content\/uploads\/2025\/06\/\u00a9naturemweltCharly-Beck-20-200x133.png 200w, https:\/\/www.naturemweltasbl.lu\/wp-content\/uploads\/2025\/06\/\u00a9naturemweltCharly-Beck-20-300x200.png 300w, https:\/\/www.naturemweltasbl.lu\/wp-content\/uploads\/2025\/06\/\u00a9naturemweltCharly-Beck-20-400x267.png 400w, https:\/\/www.naturemweltasbl.lu\/wp-content\/uploads\/2025\/06\/\u00a9naturemweltCharly-Beck-20-500x333.png 500w, https:\/\/www.naturemweltasbl.lu\/wp-content\/uploads\/2025\/06\/\u00a9naturemweltCharly-Beck-20-600x400.png 600w, https:\/\/www.naturemweltasbl.lu\/wp-content\/uploads\/2025\/06\/\u00a9naturemweltCharly-Beck-20-700x467.png 700w, https:\/\/www.naturemweltasbl.lu\/wp-content\/uploads\/2025\/06\/\u00a9naturemweltCharly-Beck-20-768x512.png 768w, https:\/\/www.naturemweltasbl.lu\/wp-content\/uploads\/2025\/06\/\u00a9naturemweltCharly-Beck-20-800x533.png 800w, https:\/\/www.naturemweltasbl.lu\/wp-content\/uploads\/2025\/06\/\u00a9naturemweltCharly-Beck-20-1024x682.png 1024w, https:\/\/www.naturemweltasbl.lu\/wp-content\/uploads\/2025\/06\/\u00a9naturemweltCharly-Beck-20-1200x800.png 1200w, https:\/\/www.naturemweltasbl.lu\/wp-content\/uploads\/2025\/06\/\u00a9naturemweltCharly-Beck-20-1536x1024.png 1536w, https:\/\/www.naturemweltasbl.lu\/wp-content\/uploads\/2025\/06\/\u00a9naturemweltCharly-Beck-20.png 1772w\" sizes=\"(max-width: 1772px) 100vw, 1772px\" \/><\/div><\/div><\/div><\/div><div class=\"awb-swiper-button awb-swiper-button-prev\"><i class=\"awb-icon-angle-left\" aria-hidden=\"true\"><\/i><\/div><div class=\"awb-swiper-button awb-swiper-button-next\"><i class=\"awb-icon-angle-right\" aria-hidden=\"true\"><\/i><\/div><\/div><\/div>\n<p style=\"font-weight: 400;\">Bei natur&amp;\u00ebmwelt begr\u00fc\u00dfen wir die Transparenz und Rechenschaftspflicht, die der EIR bietet. Zwar macht Luxemburg laut dem Bericht Fortschritte in Bezug auf Ressourceneffizienz und Abwassermanagement, doch der R\u00fcckgang der Artenvielfalt, die Wasserverschmutzung und die Verschlechterung der Luftqualit\u00e4t sind klare Zeichen daf\u00fcr, dass mehr getan werden muss \u2013 und zwar schnell.<\/p>\n<p style=\"font-weight: 400;\">Wir fordern die politischen Entscheidungstr\u00e4ger daher dringend auf, die Empfehlungen des EIR umzusetzen, die Investitionen in den Umweltschutz zu erh\u00f6hen sowie nachhaltige Landnutzungs- und landwirtschaftliche Praktiken einzuf\u00fchren. Der Schutz der Natur Luxemburgs und die Gew\u00e4hrleistung einer lebenswerten Umwelt f\u00fcr k\u00fcnftige Generationen m\u00fcssen auch weiterhin nationale Priorit\u00e4t haben.<\/p>\n<p style=\"font-weight: 400;\">Den vollst\u00e4ndigen Bericht \u00fcber Luxemburg im EIR 2025 finden Sie hier.<\/p>\n<p style=\"font-weight: 400;\"><span style=\"font-weight: 400;\"><a href=\"https:\/\/environment.ec.europa.eu\/publications\/2025-environmental-implementation-review-country-report-luxembourg_en\">https:\/\/environment.ec.europa.eu\/publications\/2025-environmental-implementation-review-country-report-luxembourg_en<\/a><\/span><\/p>\n<p style=\"font-weight: 400;\">\n","protected":false},"excerpt":{"rendered":"<p>Finanzierungs- und Umsetzungsl\u00fccken: Luxemburgs Umwelteffizienz steht im Rahmen der EIR [&#8230;]<\/p>\n","protected":false},"author":11,"featured_media":7375,"comment_status":"closed","ping_status":"closed","sticky":false,"template":"","format":"standard","meta":{"footnotes":""},"categories":[196,257,258],"tags":[],"post_folder":[],"class_list":["post-7373","post","type-post","status-publish","format-standard","has-post-thumbnail","hentry","category-nicht-kategorisiert","category-politik","category-politique-de"],"yoast_head":"<!-- This site is optimized with the Yoast SEO plugin v27.4 - https:\/\/yoast.com\/product\/yoast-seo-wordpress\/ -->\n<title>EU Environmental Implementation Review 2025 - natur&amp;\u00ebmwelt a.s.b.l.<\/title>\n<meta name=\"description\" content=\"Luxemburgs Umwelteffizienz steht im Rahmen der EIR 2025 vor Hindernissen in Bezug auf Biodiversit\u00e4t und Umweltverschmutzung.\" \/>\n<meta name=\"robots\" content=\"index, follow, max-snippet:-1, max-image-preview:large, max-video-preview:-1\" \/>\n<link rel=\"canonical\" href=\"https:\/\/www.naturemweltasbl.lu\/de\/eir-2025\/\" \/>\n<meta property=\"og:locale\" content=\"de_DE\" \/>\n<meta property=\"og:type\" content=\"article\" \/>\n<meta property=\"og:title\" content=\"EU Environmental Implementation Review 2025 - natur&amp;\u00ebmwelt a.s.b.l.\" \/>\n<meta property=\"og:description\" content=\"Luxemburgs Umwelteffizienz steht im Rahmen der EIR 2025 vor Hindernissen in Bezug auf Biodiversit\u00e4t und Umweltverschmutzung.\" \/>\n<meta property=\"og:url\" content=\"https:\/\/www.naturemweltasbl.lu\/de\/eir-2025\/\" \/>\n<meta property=\"og:site_name\" content=\"natur&amp;\u00ebmwelt a.s.b.l.\" \/>\n<meta property=\"article:publisher\" content=\"https:\/\/www.facebook.com\/naturemwelt\/\" \/>\n<meta property=\"article:published_time\" content=\"2025-07-14T08:04:07+00:00\" \/>\n<meta property=\"og:image\" content=\"https:\/\/www.naturemweltasbl.lu\/wp-content\/uploads\/2025\/07\/AdobeStock_968078356_Editorial_Use_Only-scaled.jpeg\" \/>\n\t<meta property=\"og:image:width\" content=\"2560\" \/>\n\t<meta property=\"og:image:height\" content=\"1695\" \/>\n\t<meta property=\"og:image:type\" content=\"image\/jpeg\" \/>\n<meta name=\"author\" content=\"Charly Beck\" \/>\n<meta name=\"twitter:card\" content=\"summary_large_image\" \/>\n<meta name=\"twitter:creator\" content=\"@Natur_an_Emwelt\" \/>\n<meta name=\"twitter:site\" content=\"@Natur_an_Emwelt\" \/>\n<meta name=\"twitter:label1\" content=\"Verfasst von\" \/>\n\t<meta name=\"twitter:data1\" content=\"Charly Beck\" \/>\n\t<meta name=\"twitter:label2\" content=\"Gesch\u00e4tzte Lesezeit\" \/>\n\t<meta name=\"twitter:data2\" content=\"12\u00a0Minuten\" \/>\n<script type=\"application\/ld+json\" class=\"yoast-schema-graph\">{\"@context\":\"https:\\\/\\\/schema.org\",\"@graph\":[{\"@type\":\"Article\",\"@id\":\"https:\\\/\\\/www.naturemweltasbl.lu\\\/de\\\/eir-2025\\\/#article\",\"isPartOf\":{\"@id\":\"https:\\\/\\\/www.naturemweltasbl.lu\\\/de\\\/eir-2025\\\/\"},\"author\":{\"name\":\"Charly Beck\",\"@id\":\"https:\\\/\\\/www.naturemweltasbl.lu\\\/#\\\/schema\\\/person\\\/c3e7c4b432b6869ef4e550e2ae779a9f\"},\"headline\":\"EU Environmental Implementation Review 2025\",\"datePublished\":\"2025-07-14T08:04:07+00:00\",\"mainEntityOfPage\":{\"@id\":\"https:\\\/\\\/www.naturemweltasbl.lu\\\/de\\\/eir-2025\\\/\"},\"wordCount\":1304,\"publisher\":{\"@id\":\"https:\\\/\\\/www.naturemweltasbl.lu\\\/#organization\"},\"image\":{\"@id\":\"https:\\\/\\\/www.naturemweltasbl.lu\\\/de\\\/eir-2025\\\/#primaryimage\"},\"thumbnailUrl\":\"https:\\\/\\\/www.naturemweltasbl.lu\\\/wp-content\\\/uploads\\\/2025\\\/07\\\/AdobeStock_968078356_Editorial_Use_Only-scaled.jpeg\",\"articleSection\":[\"Nicht kategorisiert\",\"Politik\",\"Politique\"],\"inLanguage\":\"de\"},{\"@type\":\"WebPage\",\"@id\":\"https:\\\/\\\/www.naturemweltasbl.lu\\\/de\\\/eir-2025\\\/\",\"url\":\"https:\\\/\\\/www.naturemweltasbl.lu\\\/de\\\/eir-2025\\\/\",\"name\":\"EU Environmental Implementation Review 2025 - natur&amp;\u00ebmwelt a.s.b.l.\",\"isPartOf\":{\"@id\":\"https:\\\/\\\/www.naturemweltasbl.lu\\\/#website\"},\"primaryImageOfPage\":{\"@id\":\"https:\\\/\\\/www.naturemweltasbl.lu\\\/de\\\/eir-2025\\\/#primaryimage\"},\"image\":{\"@id\":\"https:\\\/\\\/www.naturemweltasbl.lu\\\/de\\\/eir-2025\\\/#primaryimage\"},\"thumbnailUrl\":\"https:\\\/\\\/www.naturemweltasbl.lu\\\/wp-content\\\/uploads\\\/2025\\\/07\\\/AdobeStock_968078356_Editorial_Use_Only-scaled.jpeg\",\"datePublished\":\"2025-07-14T08:04:07+00:00\",\"description\":\"Luxemburgs Umwelteffizienz steht im Rahmen der EIR 2025 vor Hindernissen in Bezug auf Biodiversit\u00e4t und Umweltverschmutzung.\",\"breadcrumb\":{\"@id\":\"https:\\\/\\\/www.naturemweltasbl.lu\\\/de\\\/eir-2025\\\/#breadcrumb\"},\"inLanguage\":\"de\",\"potentialAction\":[{\"@type\":\"ReadAction\",\"target\":[\"https:\\\/\\\/www.naturemweltasbl.lu\\\/de\\\/eir-2025\\\/\"]}]},{\"@type\":\"ImageObject\",\"inLanguage\":\"de\",\"@id\":\"https:\\\/\\\/www.naturemweltasbl.lu\\\/de\\\/eir-2025\\\/#primaryimage\",\"url\":\"https:\\\/\\\/www.naturemweltasbl.lu\\\/wp-content\\\/uploads\\\/2025\\\/07\\\/AdobeStock_968078356_Editorial_Use_Only-scaled.jpeg\",\"contentUrl\":\"https:\\\/\\\/www.naturemweltasbl.lu\\\/wp-content\\\/uploads\\\/2025\\\/07\\\/AdobeStock_968078356_Editorial_Use_Only-scaled.jpeg\",\"width\":2560,\"height\":1695,\"caption\":\"Brussels, Belgium, July 7, 2023: Berlaymont building the headquarters of the European Commission for the European Union in European Quarter of Brussels city, Brussels-Capital Region\"},{\"@type\":\"BreadcrumbList\",\"@id\":\"https:\\\/\\\/www.naturemweltasbl.lu\\\/de\\\/eir-2025\\\/#breadcrumb\",\"itemListElement\":[{\"@type\":\"ListItem\",\"position\":1,\"name\":\"Startseite\",\"item\":\"https:\\\/\\\/www.naturemweltasbl.lu\\\/de\\\/\"},{\"@type\":\"ListItem\",\"position\":2,\"name\":\"EU Environmental Implementation Review 2025\"}]},{\"@type\":\"WebSite\",\"@id\":\"https:\\\/\\\/www.naturemweltasbl.lu\\\/#website\",\"url\":\"https:\\\/\\\/www.naturemweltasbl.lu\\\/\",\"name\":\"natur&\u00ebmwelt a.s.b.l.\",\"description\":\"\",\"publisher\":{\"@id\":\"https:\\\/\\\/www.naturemweltasbl.lu\\\/#organization\"},\"potentialAction\":[{\"@type\":\"SearchAction\",\"target\":{\"@type\":\"EntryPoint\",\"urlTemplate\":\"https:\\\/\\\/www.naturemweltasbl.lu\\\/?s={search_term_string}\"},\"query-input\":{\"@type\":\"PropertyValueSpecification\",\"valueRequired\":true,\"valueName\":\"search_term_string\"}}],\"inLanguage\":\"de\"},{\"@type\":\"Organization\",\"@id\":\"https:\\\/\\\/www.naturemweltasbl.lu\\\/#organization\",\"name\":\"natur&\u00ebmwelt a.s.b.l.\",\"url\":\"https:\\\/\\\/www.naturemweltasbl.lu\\\/\",\"logo\":{\"@type\":\"ImageObject\",\"inLanguage\":\"de\",\"@id\":\"https:\\\/\\\/www.naturemweltasbl.lu\\\/#\\\/schema\\\/logo\\\/image\\\/\",\"url\":\"https:\\\/\\\/www.naturemweltasbl.lu\\\/wp-content\\\/uploads\\\/2024\\\/07\\\/NE_Logo_asbl_RGB-e1720014142276.png\",\"contentUrl\":\"https:\\\/\\\/www.naturemweltasbl.lu\\\/wp-content\\\/uploads\\\/2024\\\/07\\\/NE_Logo_asbl_RGB-e1720014142276.png\",\"width\":432,\"height\":254,\"caption\":\"natur&\u00ebmwelt a.s.b.l.\"},\"image\":{\"@id\":\"https:\\\/\\\/www.naturemweltasbl.lu\\\/#\\\/schema\\\/logo\\\/image\\\/\"},\"sameAs\":[\"https:\\\/\\\/www.facebook.com\\\/naturemwelt\\\/\",\"https:\\\/\\\/x.com\\\/Natur_an_Emwelt\",\"https:\\\/\\\/www.instagram.com\\\/naturemwelt\\\/\",\"https:\\\/\\\/www.youtube.com\\\/user\\\/naturemwelt\",\"https:\\\/\\\/lu.linkedin.com\\\/company\\\/naturemweltasbl?trk=similar-pages\"]},{\"@type\":\"Person\",\"@id\":\"https:\\\/\\\/www.naturemweltasbl.lu\\\/#\\\/schema\\\/person\\\/c3e7c4b432b6869ef4e550e2ae779a9f\",\"name\":\"Charly Beck\",\"image\":{\"@type\":\"ImageObject\",\"inLanguage\":\"de\",\"@id\":\"https:\\\/\\\/secure.gravatar.com\\\/avatar\\\/7334dbd59fdcb120187a28dd92e90d67cde56f90ed153d7372091b08457506d3?s=96&d=mm&r=g\",\"url\":\"https:\\\/\\\/secure.gravatar.com\\\/avatar\\\/7334dbd59fdcb120187a28dd92e90d67cde56f90ed153d7372091b08457506d3?s=96&d=mm&r=g\",\"contentUrl\":\"https:\\\/\\\/secure.gravatar.com\\\/avatar\\\/7334dbd59fdcb120187a28dd92e90d67cde56f90ed153d7372091b08457506d3?s=96&d=mm&r=g\",\"caption\":\"Charly Beck\"},\"sameAs\":[\"https:\\\/\\\/naturemweltasbl.lu\"],\"url\":\"https:\\\/\\\/www.naturemweltasbl.lu\\\/de\\\/author\\\/charly-n-e\\\/\"}]}<\/script>\n<!-- \/ Yoast SEO plugin. -->","yoast_head_json":{"title":"EU Environmental Implementation Review 2025 - natur&amp;\u00ebmwelt a.s.b.l.","description":"Luxemburgs Umwelteffizienz steht im Rahmen der EIR 2025 vor Hindernissen in Bezug auf Biodiversit\u00e4t und Umweltverschmutzung.","robots":{"index":"index","follow":"follow","max-snippet":"max-snippet:-1","max-image-preview":"max-image-preview:large","max-video-preview":"max-video-preview:-1"},"canonical":"https:\/\/www.naturemweltasbl.lu\/de\/eir-2025\/","og_locale":"de_DE","og_type":"article","og_title":"EU Environmental Implementation Review 2025 - natur&amp;\u00ebmwelt a.s.b.l.","og_description":"Luxemburgs Umwelteffizienz steht im Rahmen der EIR 2025 vor Hindernissen in Bezug auf Biodiversit\u00e4t und Umweltverschmutzung.","og_url":"https:\/\/www.naturemweltasbl.lu\/de\/eir-2025\/","og_site_name":"natur&amp;\u00ebmwelt a.s.b.l.","article_publisher":"https:\/\/www.facebook.com\/naturemwelt\/","article_published_time":"2025-07-14T08:04:07+00:00","og_image":[{"width":2560,"height":1695,"url":"https:\/\/www.naturemweltasbl.lu\/wp-content\/uploads\/2025\/07\/AdobeStock_968078356_Editorial_Use_Only-scaled.jpeg","type":"image\/jpeg"}],"author":"Charly Beck","twitter_card":"summary_large_image","twitter_creator":"@Natur_an_Emwelt","twitter_site":"@Natur_an_Emwelt","twitter_misc":{"Verfasst von":"Charly Beck","Gesch\u00e4tzte Lesezeit":"12\u00a0Minuten"},"schema":{"@context":"https:\/\/schema.org","@graph":[{"@type":"Article","@id":"https:\/\/www.naturemweltasbl.lu\/de\/eir-2025\/#article","isPartOf":{"@id":"https:\/\/www.naturemweltasbl.lu\/de\/eir-2025\/"},"author":{"name":"Charly Beck","@id":"https:\/\/www.naturemweltasbl.lu\/#\/schema\/person\/c3e7c4b432b6869ef4e550e2ae779a9f"},"headline":"EU Environmental Implementation Review 2025","datePublished":"2025-07-14T08:04:07+00:00","mainEntityOfPage":{"@id":"https:\/\/www.naturemweltasbl.lu\/de\/eir-2025\/"},"wordCount":1304,"publisher":{"@id":"https:\/\/www.naturemweltasbl.lu\/#organization"},"image":{"@id":"https:\/\/www.naturemweltasbl.lu\/de\/eir-2025\/#primaryimage"},"thumbnailUrl":"https:\/\/www.naturemweltasbl.lu\/wp-content\/uploads\/2025\/07\/AdobeStock_968078356_Editorial_Use_Only-scaled.jpeg","articleSection":["Nicht kategorisiert","Politik","Politique"],"inLanguage":"de"},{"@type":"WebPage","@id":"https:\/\/www.naturemweltasbl.lu\/de\/eir-2025\/","url":"https:\/\/www.naturemweltasbl.lu\/de\/eir-2025\/","name":"EU Environmental Implementation Review 2025 - natur&amp;\u00ebmwelt a.s.b.l.","isPartOf":{"@id":"https:\/\/www.naturemweltasbl.lu\/#website"},"primaryImageOfPage":{"@id":"https:\/\/www.naturemweltasbl.lu\/de\/eir-2025\/#primaryimage"},"image":{"@id":"https:\/\/www.naturemweltasbl.lu\/de\/eir-2025\/#primaryimage"},"thumbnailUrl":"https:\/\/www.naturemweltasbl.lu\/wp-content\/uploads\/2025\/07\/AdobeStock_968078356_Editorial_Use_Only-scaled.jpeg","datePublished":"2025-07-14T08:04:07+00:00","description":"Luxemburgs Umwelteffizienz steht im Rahmen der EIR 2025 vor Hindernissen in Bezug auf Biodiversit\u00e4t und Umweltverschmutzung.","breadcrumb":{"@id":"https:\/\/www.naturemweltasbl.lu\/de\/eir-2025\/#breadcrumb"},"inLanguage":"de","potentialAction":[{"@type":"ReadAction","target":["https:\/\/www.naturemweltasbl.lu\/de\/eir-2025\/"]}]},{"@type":"ImageObject","inLanguage":"de","@id":"https:\/\/www.naturemweltasbl.lu\/de\/eir-2025\/#primaryimage","url":"https:\/\/www.naturemweltasbl.lu\/wp-content\/uploads\/2025\/07\/AdobeStock_968078356_Editorial_Use_Only-scaled.jpeg","contentUrl":"https:\/\/www.naturemweltasbl.lu\/wp-content\/uploads\/2025\/07\/AdobeStock_968078356_Editorial_Use_Only-scaled.jpeg","width":2560,"height":1695,"caption":"Brussels, Belgium, July 7, 2023: Berlaymont building the headquarters of the European Commission for the European Union in European Quarter of Brussels city, Brussels-Capital Region"},{"@type":"BreadcrumbList","@id":"https:\/\/www.naturemweltasbl.lu\/de\/eir-2025\/#breadcrumb","itemListElement":[{"@type":"ListItem","position":1,"name":"Startseite","item":"https:\/\/www.naturemweltasbl.lu\/de\/"},{"@type":"ListItem","position":2,"name":"EU Environmental Implementation Review 2025"}]},{"@type":"WebSite","@id":"https:\/\/www.naturemweltasbl.lu\/#website","url":"https:\/\/www.naturemweltasbl.lu\/","name":"natur&\u00ebmwelt a.s.b.l.","description":"","publisher":{"@id":"https:\/\/www.naturemweltasbl.lu\/#organization"},"potentialAction":[{"@type":"SearchAction","target":{"@type":"EntryPoint","urlTemplate":"https:\/\/www.naturemweltasbl.lu\/?s={search_term_string}"},"query-input":{"@type":"PropertyValueSpecification","valueRequired":true,"valueName":"search_term_string"}}],"inLanguage":"de"},{"@type":"Organization","@id":"https:\/\/www.naturemweltasbl.lu\/#organization","name":"natur&\u00ebmwelt a.s.b.l.","url":"https:\/\/www.naturemweltasbl.lu\/","logo":{"@type":"ImageObject","inLanguage":"de","@id":"https:\/\/www.naturemweltasbl.lu\/#\/schema\/logo\/image\/","url":"https:\/\/www.naturemweltasbl.lu\/wp-content\/uploads\/2024\/07\/NE_Logo_asbl_RGB-e1720014142276.png","contentUrl":"https:\/\/www.naturemweltasbl.lu\/wp-content\/uploads\/2024\/07\/NE_Logo_asbl_RGB-e1720014142276.png","width":432,"height":254,"caption":"natur&\u00ebmwelt a.s.b.l."},"image":{"@id":"https:\/\/www.naturemweltasbl.lu\/#\/schema\/logo\/image\/"},"sameAs":["https:\/\/www.facebook.com\/naturemwelt\/","https:\/\/x.com\/Natur_an_Emwelt","https:\/\/www.instagram.com\/naturemwelt\/","https:\/\/www.youtube.com\/user\/naturemwelt","https:\/\/lu.linkedin.com\/company\/naturemweltasbl?trk=similar-pages"]},{"@type":"Person","@id":"https:\/\/www.naturemweltasbl.lu\/#\/schema\/person\/c3e7c4b432b6869ef4e550e2ae779a9f","name":"Charly Beck","image":{"@type":"ImageObject","inLanguage":"de","@id":"https:\/\/secure.gravatar.com\/avatar\/7334dbd59fdcb120187a28dd92e90d67cde56f90ed153d7372091b08457506d3?s=96&d=mm&r=g","url":"https:\/\/secure.gravatar.com\/avatar\/7334dbd59fdcb120187a28dd92e90d67cde56f90ed153d7372091b08457506d3?s=96&d=mm&r=g","contentUrl":"https:\/\/secure.gravatar.com\/avatar\/7334dbd59fdcb120187a28dd92e90d67cde56f90ed153d7372091b08457506d3?s=96&d=mm&r=g","caption":"Charly Beck"},"sameAs":["https:\/\/naturemweltasbl.lu"],"url":"https:\/\/www.naturemweltasbl.lu\/de\/author\/charly-n-e\/"}]}},"_links":{"self":[{"href":"https:\/\/www.naturemweltasbl.lu\/de\/wp-json\/wp\/v2\/posts\/7373","targetHints":{"allow":["GET"]}}],"collection":[{"href":"https:\/\/www.naturemweltasbl.lu\/de\/wp-json\/wp\/v2\/posts"}],"about":[{"href":"https:\/\/www.naturemweltasbl.lu\/de\/wp-json\/wp\/v2\/types\/post"}],"author":[{"embeddable":true,"href":"https:\/\/www.naturemweltasbl.lu\/de\/wp-json\/wp\/v2\/users\/11"}],"replies":[{"embeddable":true,"href":"https:\/\/www.naturemweltasbl.lu\/de\/wp-json\/wp\/v2\/comments?post=7373"}],"version-history":[{"count":1,"href":"https:\/\/www.naturemweltasbl.lu\/de\/wp-json\/wp\/v2\/posts\/7373\/revisions"}],"predecessor-version":[{"id":7379,"href":"https:\/\/www.naturemweltasbl.lu\/de\/wp-json\/wp\/v2\/posts\/7373\/revisions\/7379"}],"wp:featuredmedia":[{"embeddable":true,"href":"https:\/\/www.naturemweltasbl.lu\/de\/wp-json\/wp\/v2\/media\/7375"}],"wp:attachment":[{"href":"https:\/\/www.naturemweltasbl.lu\/de\/wp-json\/wp\/v2\/media?parent=7373"}],"wp:term":[{"taxonomy":"category","embeddable":true,"href":"https:\/\/www.naturemweltasbl.lu\/de\/wp-json\/wp\/v2\/categories?post=7373"},{"taxonomy":"post_tag","embeddable":true,"href":"https:\/\/www.naturemweltasbl.lu\/de\/wp-json\/wp\/v2\/tags?post=7373"},{"taxonomy":"post_folder","embeddable":true,"href":"https:\/\/www.naturemweltasbl.lu\/de\/wp-json\/wp\/v2\/post_folder?post=7373"}],"curies":[{"name":"wp","href":"https:\/\/api.w.org\/{rel}","templated":true}]}}