{"id":6945,"date":"2025-06-03T14:23:12","date_gmt":"2025-06-03T12:23:12","guid":{"rendered":"https:\/\/www.naturemweltasbl.lu\/recensement-des-insectes-2025\/"},"modified":"2025-06-03T14:32:19","modified_gmt":"2025-06-03T12:32:19","slug":"insektenzaehlaktion2025","status":"publish","type":"post","link":"https:\/\/www.naturemweltasbl.lu\/de\/insektenzaehlaktion2025\/","title":{"rendered":"Insektenz\u00e4hlaktion 2025"},"content":{"rendered":"<div>\n<div>\n<p><strong><span lang=\"DE\">&#8222;<\/span><\/strong><strong><span lang=\"DE\">M\u00e9i w\u00e9i Beien, ziel mat<\/span><\/strong><strong><span lang=\"DE\">!&#8220; <\/span><\/strong><\/p>\n<\/div>\n<div>\n<p>Vom <strong>14. bis 22. Juni 2025<\/strong> k\u00f6nnt ihr wieder mitmachen.<br \/>\nZum dritten Mal organisiert <strong>natur&amp;\u00ebmwelt<\/strong> die Insektenz\u00e4hlaktion \u201eMehr als Bienen! Z\u00e4hl mit!\u201c.<\/p>\n<\/div>\n<div>\n<p>Egal ob im Garten, im Park oder auf der Streuobstwiese \u2013 ob jung oder alt, alle sind eingeladen, an dieser Aktion teilzunehmen.<\/p>\n<\/div>\n<div>\n<p>Im Laufe der Jahre werden die gesammelten Daten zeigen, wie sich die Insektenbest\u00e4nde \u00fcber die Zeit entwickeln und ob sich bestimmte Bestandstrends abzeichnen.<\/p>\n<\/div>\n<div>\n<p>Deshalb konzentrieren wir uns vor allem auf Arten, die in bewohnten Gebieten vorkommen, wie zum Beispiel: Hummeln, Marienk\u00e4fer und Schwebfliegen. Insgesamt beobachten wir 12 verschiedene Arten.<br \/>\nAu\u00dferdem wollen wir mit dieser Aktion auch sensibilisieren.<\/p>\n<\/div>\n<div>\n<p>Die Menschen werden gebeten, sich zwischen dem 14. und 22. Juni eine Stunde Zeit zu nehmen, um zu beobachten, was rund ums Haus so summt und krabbelt.<br \/>\nGanz nach dem Motto: <strong>\u201eIch sch\u00fctze nur, was ich kenne\u201c<\/strong> \u2013 so k\u00f6nnen die Teilnehmenden die Insekten in ihrer Umgebung besser kennenlernen.<\/p>\n<\/div>\n<div>\n<p>Am besten z\u00e4hlt man an einem sonnigen Tag, an einem Ort, der etwas windgesch\u00fctzt ist und wo die Insekten Nahrung finden \u2013 also: ein Platz mit Blumen, Hecken oder B\u00e4umen.<\/p>\n<\/div>\n<div>\n<p>Letztes Jahr belegte die <strong>Ackerhummel<\/strong> den ersten Platz \u2013 wir sind schon sehr gespannt, welche Art dieses Jahr auf Platz 1 landet!<\/p>\n<\/div>\n<\/div>\n<div class=\"fusion-button-wrapper\"><a class=\"fusion-button button-flat fusion-button-default-size button-default fusion-button-default button-1 fusion-button-default-span fusion-button-default-type\" target=\"_self\" href=\"https:\/\/qrco.de\/bdpis7\"><span class=\"fusion-button-text awb-button__text awb-button__text--default\">Insektenz\u00e4hlaktion 2025<\/span><\/a><\/div>\n","protected":false},"excerpt":{"rendered":"<p>&#8222;M\u00e9i w\u00e9i Beien, ziel mat!&#8220; Vom 14. bis 22. Juni [&#8230;]<\/p>\n","protected":false},"author":6,"featured_media":6935,"comment_status":"closed","ping_status":"closed","sticky":false,"template":"","format":"standard","meta":{"footnotes":""},"categories":[124],"tags":[],"post_folder":[],"class_list":["post-6945","post","type-post","status-publish","format-standard","has-post-thumbnail","hentry","category-uncategorized-de"],"yoast_head":"<!-- This site is optimized with the Yoast SEO plugin v27.4 - https:\/\/yoast.com\/product\/yoast-seo-wordpress\/ -->\n<title>Insektenz\u00e4hlaktion 2025 - natur&amp;\u00ebmwelt a.s.b.l.<\/title>\n<meta name=\"robots\" content=\"index, follow, max-snippet:-1, max-image-preview:large, max-video-preview:-1\" \/>\n<link rel=\"canonical\" href=\"https:\/\/www.naturemweltasbl.lu\/de\/insektenzaehlaktion2025\/\" \/>\n<meta property=\"og:locale\" content=\"de_DE\" \/>\n<meta property=\"og:type\" content=\"article\" \/>\n<meta property=\"og:title\" content=\"Insektenz\u00e4hlaktion 2025 - natur&amp;\u00ebmwelt a.s.b.l.\" \/>\n<meta property=\"og:description\" content=\"&#8222;M\u00e9i w\u00e9i Beien, ziel mat!&#8220; Vom 14. bis 22. Juni [...]\" \/>\n<meta property=\"og:url\" content=\"https:\/\/www.naturemweltasbl.lu\/de\/insektenzaehlaktion2025\/\" \/>\n<meta property=\"og:site_name\" content=\"natur&amp;\u00ebmwelt a.s.b.l.\" \/>\n<meta property=\"article:publisher\" content=\"https:\/\/www.facebook.com\/naturemwelt\/\" \/>\n<meta property=\"article:published_time\" content=\"2025-06-03T12:23:12+00:00\" \/>\n<meta property=\"article:modified_time\" content=\"2025-06-03T12:32:19+00:00\" \/>\n<meta property=\"og:image\" content=\"https:\/\/www.naturemweltasbl.lu\/wp-content\/uploads\/2025\/06\/Mei-wei-Beien.png\" \/>\n\t<meta property=\"og:image:width\" content=\"1014\" \/>\n\t<meta property=\"og:image:height\" content=\"706\" \/>\n\t<meta property=\"og:image:type\" content=\"image\/png\" \/>\n<meta name=\"author\" content=\"Sarah\" \/>\n<meta name=\"twitter:card\" content=\"summary_large_image\" \/>\n<meta name=\"twitter:creator\" content=\"@Natur_an_Emwelt\" \/>\n<meta name=\"twitter:site\" content=\"@Natur_an_Emwelt\" \/>\n<meta name=\"twitter:label1\" content=\"Verfasst von\" \/>\n\t<meta name=\"twitter:data1\" content=\"Sarah\" \/>\n\t<meta name=\"twitter:label2\" content=\"Gesch\u00e4tzte Lesezeit\" \/>\n\t<meta name=\"twitter:data2\" content=\"2\u00a0Minuten\" \/>\n<script type=\"application\/ld+json\" class=\"yoast-schema-graph\">{\"@context\":\"https:\\\/\\\/schema.org\",\"@graph\":[{\"@type\":\"Article\",\"@id\":\"https:\\\/\\\/www.naturemweltasbl.lu\\\/de\\\/insektenzaehlaktion2025\\\/#article\",\"isPartOf\":{\"@id\":\"https:\\\/\\\/www.naturemweltasbl.lu\\\/de\\\/insektenzaehlaktion2025\\\/\"},\"author\":{\"name\":\"Sarah\",\"@id\":\"https:\\\/\\\/www.naturemweltasbl.lu\\\/#\\\/schema\\\/person\\\/780c0c42916c8bfd5f0ae43ce4f0e27d\"},\"headline\":\"Insektenz\u00e4hlaktion 2025\",\"datePublished\":\"2025-06-03T12:23:12+00:00\",\"dateModified\":\"2025-06-03T12:32:19+00:00\",\"mainEntityOfPage\":{\"@id\":\"https:\\\/\\\/www.naturemweltasbl.lu\\\/de\\\/insektenzaehlaktion2025\\\/\"},\"wordCount\":395,\"publisher\":{\"@id\":\"https:\\\/\\\/www.naturemweltasbl.lu\\\/#organization\"},\"image\":{\"@id\":\"https:\\\/\\\/www.naturemweltasbl.lu\\\/de\\\/insektenzaehlaktion2025\\\/#primaryimage\"},\"thumbnailUrl\":\"https:\\\/\\\/www.naturemweltasbl.lu\\\/wp-content\\\/uploads\\\/2025\\\/06\\\/Mei-wei-Beien.png\",\"articleSection\":[\"Uncategorized\"],\"inLanguage\":\"de\"},{\"@type\":\"WebPage\",\"@id\":\"https:\\\/\\\/www.naturemweltasbl.lu\\\/de\\\/insektenzaehlaktion2025\\\/\",\"url\":\"https:\\\/\\\/www.naturemweltasbl.lu\\\/de\\\/insektenzaehlaktion2025\\\/\",\"name\":\"Insektenz\u00e4hlaktion 2025 - natur&amp;\u00ebmwelt a.s.b.l.\",\"isPartOf\":{\"@id\":\"https:\\\/\\\/www.naturemweltasbl.lu\\\/#website\"},\"primaryImageOfPage\":{\"@id\":\"https:\\\/\\\/www.naturemweltasbl.lu\\\/de\\\/insektenzaehlaktion2025\\\/#primaryimage\"},\"image\":{\"@id\":\"https:\\\/\\\/www.naturemweltasbl.lu\\\/de\\\/insektenzaehlaktion2025\\\/#primaryimage\"},\"thumbnailUrl\":\"https:\\\/\\\/www.naturemweltasbl.lu\\\/wp-content\\\/uploads\\\/2025\\\/06\\\/Mei-wei-Beien.png\",\"datePublished\":\"2025-06-03T12:23:12+00:00\",\"dateModified\":\"2025-06-03T12:32:19+00:00\",\"breadcrumb\":{\"@id\":\"https:\\\/\\\/www.naturemweltasbl.lu\\\/de\\\/insektenzaehlaktion2025\\\/#breadcrumb\"},\"inLanguage\":\"de\",\"potentialAction\":[{\"@type\":\"ReadAction\",\"target\":[\"https:\\\/\\\/www.naturemweltasbl.lu\\\/de\\\/insektenzaehlaktion2025\\\/\"]}]},{\"@type\":\"ImageObject\",\"inLanguage\":\"de\",\"@id\":\"https:\\\/\\\/www.naturemweltasbl.lu\\\/de\\\/insektenzaehlaktion2025\\\/#primaryimage\",\"url\":\"https:\\\/\\\/www.naturemweltasbl.lu\\\/wp-content\\\/uploads\\\/2025\\\/06\\\/Mei-wei-Beien.png\",\"contentUrl\":\"https:\\\/\\\/www.naturemweltasbl.lu\\\/wp-content\\\/uploads\\\/2025\\\/06\\\/Mei-wei-Beien.png\",\"width\":1014,\"height\":706},{\"@type\":\"BreadcrumbList\",\"@id\":\"https:\\\/\\\/www.naturemweltasbl.lu\\\/de\\\/insektenzaehlaktion2025\\\/#breadcrumb\",\"itemListElement\":[{\"@type\":\"ListItem\",\"position\":1,\"name\":\"Startseite\",\"item\":\"https:\\\/\\\/www.naturemweltasbl.lu\\\/de\\\/\"},{\"@type\":\"ListItem\",\"position\":2,\"name\":\"Insektenz\u00e4hlaktion 2025\"}]},{\"@type\":\"WebSite\",\"@id\":\"https:\\\/\\\/www.naturemweltasbl.lu\\\/#website\",\"url\":\"https:\\\/\\\/www.naturemweltasbl.lu\\\/\",\"name\":\"natur&\u00ebmwelt a.s.b.l.\",\"description\":\"\",\"publisher\":{\"@id\":\"https:\\\/\\\/www.naturemweltasbl.lu\\\/#organization\"},\"potentialAction\":[{\"@type\":\"SearchAction\",\"target\":{\"@type\":\"EntryPoint\",\"urlTemplate\":\"https:\\\/\\\/www.naturemweltasbl.lu\\\/?s={search_term_string}\"},\"query-input\":{\"@type\":\"PropertyValueSpecification\",\"valueRequired\":true,\"valueName\":\"search_term_string\"}}],\"inLanguage\":\"de\"},{\"@type\":\"Organization\",\"@id\":\"https:\\\/\\\/www.naturemweltasbl.lu\\\/#organization\",\"name\":\"natur&\u00ebmwelt a.s.b.l.\",\"url\":\"https:\\\/\\\/www.naturemweltasbl.lu\\\/\",\"logo\":{\"@type\":\"ImageObject\",\"inLanguage\":\"de\",\"@id\":\"https:\\\/\\\/www.naturemweltasbl.lu\\\/#\\\/schema\\\/logo\\\/image\\\/\",\"url\":\"https:\\\/\\\/www.naturemweltasbl.lu\\\/wp-content\\\/uploads\\\/2024\\\/07\\\/NE_Logo_asbl_RGB-e1720014142276.png\",\"contentUrl\":\"https:\\\/\\\/www.naturemweltasbl.lu\\\/wp-content\\\/uploads\\\/2024\\\/07\\\/NE_Logo_asbl_RGB-e1720014142276.png\",\"width\":432,\"height\":254,\"caption\":\"natur&\u00ebmwelt a.s.b.l.\"},\"image\":{\"@id\":\"https:\\\/\\\/www.naturemweltasbl.lu\\\/#\\\/schema\\\/logo\\\/image\\\/\"},\"sameAs\":[\"https:\\\/\\\/www.facebook.com\\\/naturemwelt\\\/\",\"https:\\\/\\\/x.com\\\/Natur_an_Emwelt\",\"https:\\\/\\\/www.instagram.com\\\/naturemwelt\\\/\",\"https:\\\/\\\/www.youtube.com\\\/user\\\/naturemwelt\",\"https:\\\/\\\/lu.linkedin.com\\\/company\\\/naturemweltasbl?trk=similar-pages\"]},{\"@type\":\"Person\",\"@id\":\"https:\\\/\\\/www.naturemweltasbl.lu\\\/#\\\/schema\\\/person\\\/780c0c42916c8bfd5f0ae43ce4f0e27d\",\"name\":\"Sarah\",\"image\":{\"@type\":\"ImageObject\",\"inLanguage\":\"de\",\"@id\":\"https:\\\/\\\/secure.gravatar.com\\\/avatar\\\/c9b30b67244b24874d7ecbb12985b1ed2b0864870a6fe430a1b8e64fd5fbf006?s=96&d=mm&r=g\",\"url\":\"https:\\\/\\\/secure.gravatar.com\\\/avatar\\\/c9b30b67244b24874d7ecbb12985b1ed2b0864870a6fe430a1b8e64fd5fbf006?s=96&d=mm&r=g\",\"contentUrl\":\"https:\\\/\\\/secure.gravatar.com\\\/avatar\\\/c9b30b67244b24874d7ecbb12985b1ed2b0864870a6fe430a1b8e64fd5fbf006?s=96&d=mm&r=g\",\"caption\":\"Sarah\"},\"url\":\"https:\\\/\\\/www.naturemweltasbl.lu\\\/de\\\/author\\\/sarah-n-e\\\/\"}]}<\/script>\n<!-- \/ Yoast SEO plugin. -->","yoast_head_json":{"title":"Insektenz\u00e4hlaktion 2025 - natur&amp;\u00ebmwelt a.s.b.l.","robots":{"index":"index","follow":"follow","max-snippet":"max-snippet:-1","max-image-preview":"max-image-preview:large","max-video-preview":"max-video-preview:-1"},"canonical":"https:\/\/www.naturemweltasbl.lu\/de\/insektenzaehlaktion2025\/","og_locale":"de_DE","og_type":"article","og_title":"Insektenz\u00e4hlaktion 2025 - natur&amp;\u00ebmwelt a.s.b.l.","og_description":"&#8222;M\u00e9i w\u00e9i Beien, ziel mat!&#8220; Vom 14. bis 22. Juni [...]","og_url":"https:\/\/www.naturemweltasbl.lu\/de\/insektenzaehlaktion2025\/","og_site_name":"natur&amp;\u00ebmwelt a.s.b.l.","article_publisher":"https:\/\/www.facebook.com\/naturemwelt\/","article_published_time":"2025-06-03T12:23:12+00:00","article_modified_time":"2025-06-03T12:32:19+00:00","og_image":[{"width":1014,"height":706,"url":"https:\/\/www.naturemweltasbl.lu\/wp-content\/uploads\/2025\/06\/Mei-wei-Beien.png","type":"image\/png"}],"author":"Sarah","twitter_card":"summary_large_image","twitter_creator":"@Natur_an_Emwelt","twitter_site":"@Natur_an_Emwelt","twitter_misc":{"Verfasst von":"Sarah","Gesch\u00e4tzte Lesezeit":"2\u00a0Minuten"},"schema":{"@context":"https:\/\/schema.org","@graph":[{"@type":"Article","@id":"https:\/\/www.naturemweltasbl.lu\/de\/insektenzaehlaktion2025\/#article","isPartOf":{"@id":"https:\/\/www.naturemweltasbl.lu\/de\/insektenzaehlaktion2025\/"},"author":{"name":"Sarah","@id":"https:\/\/www.naturemweltasbl.lu\/#\/schema\/person\/780c0c42916c8bfd5f0ae43ce4f0e27d"},"headline":"Insektenz\u00e4hlaktion 2025","datePublished":"2025-06-03T12:23:12+00:00","dateModified":"2025-06-03T12:32:19+00:00","mainEntityOfPage":{"@id":"https:\/\/www.naturemweltasbl.lu\/de\/insektenzaehlaktion2025\/"},"wordCount":395,"publisher":{"@id":"https:\/\/www.naturemweltasbl.lu\/#organization"},"image":{"@id":"https:\/\/www.naturemweltasbl.lu\/de\/insektenzaehlaktion2025\/#primaryimage"},"thumbnailUrl":"https:\/\/www.naturemweltasbl.lu\/wp-content\/uploads\/2025\/06\/Mei-wei-Beien.png","articleSection":["Uncategorized"],"inLanguage":"de"},{"@type":"WebPage","@id":"https:\/\/www.naturemweltasbl.lu\/de\/insektenzaehlaktion2025\/","url":"https:\/\/www.naturemweltasbl.lu\/de\/insektenzaehlaktion2025\/","name":"Insektenz\u00e4hlaktion 2025 - natur&amp;\u00ebmwelt a.s.b.l.","isPartOf":{"@id":"https:\/\/www.naturemweltasbl.lu\/#website"},"primaryImageOfPage":{"@id":"https:\/\/www.naturemweltasbl.lu\/de\/insektenzaehlaktion2025\/#primaryimage"},"image":{"@id":"https:\/\/www.naturemweltasbl.lu\/de\/insektenzaehlaktion2025\/#primaryimage"},"thumbnailUrl":"https:\/\/www.naturemweltasbl.lu\/wp-content\/uploads\/2025\/06\/Mei-wei-Beien.png","datePublished":"2025-06-03T12:23:12+00:00","dateModified":"2025-06-03T12:32:19+00:00","breadcrumb":{"@id":"https:\/\/www.naturemweltasbl.lu\/de\/insektenzaehlaktion2025\/#breadcrumb"},"inLanguage":"de","potentialAction":[{"@type":"ReadAction","target":["https:\/\/www.naturemweltasbl.lu\/de\/insektenzaehlaktion2025\/"]}]},{"@type":"ImageObject","inLanguage":"de","@id":"https:\/\/www.naturemweltasbl.lu\/de\/insektenzaehlaktion2025\/#primaryimage","url":"https:\/\/www.naturemweltasbl.lu\/wp-content\/uploads\/2025\/06\/Mei-wei-Beien.png","contentUrl":"https:\/\/www.naturemweltasbl.lu\/wp-content\/uploads\/2025\/06\/Mei-wei-Beien.png","width":1014,"height":706},{"@type":"BreadcrumbList","@id":"https:\/\/www.naturemweltasbl.lu\/de\/insektenzaehlaktion2025\/#breadcrumb","itemListElement":[{"@type":"ListItem","position":1,"name":"Startseite","item":"https:\/\/www.naturemweltasbl.lu\/de\/"},{"@type":"ListItem","position":2,"name":"Insektenz\u00e4hlaktion 2025"}]},{"@type":"WebSite","@id":"https:\/\/www.naturemweltasbl.lu\/#website","url":"https:\/\/www.naturemweltasbl.lu\/","name":"natur&\u00ebmwelt a.s.b.l.","description":"","publisher":{"@id":"https:\/\/www.naturemweltasbl.lu\/#organization"},"potentialAction":[{"@type":"SearchAction","target":{"@type":"EntryPoint","urlTemplate":"https:\/\/www.naturemweltasbl.lu\/?s={search_term_string}"},"query-input":{"@type":"PropertyValueSpecification","valueRequired":true,"valueName":"search_term_string"}}],"inLanguage":"de"},{"@type":"Organization","@id":"https:\/\/www.naturemweltasbl.lu\/#organization","name":"natur&\u00ebmwelt a.s.b.l.","url":"https:\/\/www.naturemweltasbl.lu\/","logo":{"@type":"ImageObject","inLanguage":"de","@id":"https:\/\/www.naturemweltasbl.lu\/#\/schema\/logo\/image\/","url":"https:\/\/www.naturemweltasbl.lu\/wp-content\/uploads\/2024\/07\/NE_Logo_asbl_RGB-e1720014142276.png","contentUrl":"https:\/\/www.naturemweltasbl.lu\/wp-content\/uploads\/2024\/07\/NE_Logo_asbl_RGB-e1720014142276.png","width":432,"height":254,"caption":"natur&\u00ebmwelt a.s.b.l."},"image":{"@id":"https:\/\/www.naturemweltasbl.lu\/#\/schema\/logo\/image\/"},"sameAs":["https:\/\/www.facebook.com\/naturemwelt\/","https:\/\/x.com\/Natur_an_Emwelt","https:\/\/www.instagram.com\/naturemwelt\/","https:\/\/www.youtube.com\/user\/naturemwelt","https:\/\/lu.linkedin.com\/company\/naturemweltasbl?trk=similar-pages"]},{"@type":"Person","@id":"https:\/\/www.naturemweltasbl.lu\/#\/schema\/person\/780c0c42916c8bfd5f0ae43ce4f0e27d","name":"Sarah","image":{"@type":"ImageObject","inLanguage":"de","@id":"https:\/\/secure.gravatar.com\/avatar\/c9b30b67244b24874d7ecbb12985b1ed2b0864870a6fe430a1b8e64fd5fbf006?s=96&d=mm&r=g","url":"https:\/\/secure.gravatar.com\/avatar\/c9b30b67244b24874d7ecbb12985b1ed2b0864870a6fe430a1b8e64fd5fbf006?s=96&d=mm&r=g","contentUrl":"https:\/\/secure.gravatar.com\/avatar\/c9b30b67244b24874d7ecbb12985b1ed2b0864870a6fe430a1b8e64fd5fbf006?s=96&d=mm&r=g","caption":"Sarah"},"url":"https:\/\/www.naturemweltasbl.lu\/de\/author\/sarah-n-e\/"}]}},"_links":{"self":[{"href":"https:\/\/www.naturemweltasbl.lu\/de\/wp-json\/wp\/v2\/posts\/6945","targetHints":{"allow":["GET"]}}],"collection":[{"href":"https:\/\/www.naturemweltasbl.lu\/de\/wp-json\/wp\/v2\/posts"}],"about":[{"href":"https:\/\/www.naturemweltasbl.lu\/de\/wp-json\/wp\/v2\/types\/post"}],"author":[{"embeddable":true,"href":"https:\/\/www.naturemweltasbl.lu\/de\/wp-json\/wp\/v2\/users\/6"}],"replies":[{"embeddable":true,"href":"https:\/\/www.naturemweltasbl.lu\/de\/wp-json\/wp\/v2\/comments?post=6945"}],"version-history":[{"count":5,"href":"https:\/\/www.naturemweltasbl.lu\/de\/wp-json\/wp\/v2\/posts\/6945\/revisions"}],"predecessor-version":[{"id":6952,"href":"https:\/\/www.naturemweltasbl.lu\/de\/wp-json\/wp\/v2\/posts\/6945\/revisions\/6952"}],"wp:featuredmedia":[{"embeddable":true,"href":"https:\/\/www.naturemweltasbl.lu\/de\/wp-json\/wp\/v2\/media\/6935"}],"wp:attachment":[{"href":"https:\/\/www.naturemweltasbl.lu\/de\/wp-json\/wp\/v2\/media?parent=6945"}],"wp:term":[{"taxonomy":"category","embeddable":true,"href":"https:\/\/www.naturemweltasbl.lu\/de\/wp-json\/wp\/v2\/categories?post=6945"},{"taxonomy":"post_tag","embeddable":true,"href":"https:\/\/www.naturemweltasbl.lu\/de\/wp-json\/wp\/v2\/tags?post=6945"},{"taxonomy":"post_folder","embeddable":true,"href":"https:\/\/www.naturemweltasbl.lu\/de\/wp-json\/wp\/v2\/post_folder?post=6945"}],"curies":[{"name":"wp","href":"https:\/\/api.w.org\/{rel}","templated":true}]}}