{"id":4448,"date":"2024-08-12T09:13:22","date_gmt":"2024-08-12T07:13:22","guid":{"rendered":"https:\/\/cp33msbjmvs.preview.infomaniak.website\/votum-klima\/"},"modified":"2024-12-17T11:32:33","modified_gmt":"2024-12-17T10:32:33","slug":"votum-klima","status":"publish","type":"post","link":"https:\/\/www.naturemweltasbl.lu\/de\/votum-klima\/","title":{"rendered":"Votum Klima"},"content":{"rendered":"<p><div class=\"fusion-fullwidth fullwidth-box fusion-builder-row-1 fusion-flex-container has-pattern-background has-mask-background nonhundred-percent-fullwidth non-hundred-percent-height-scrolling\" style=\"--awb-border-radius-top-left:0px;--awb-border-radius-top-right:0px;--awb-border-radius-bottom-right:0px;--awb-border-radius-bottom-left:0px;--awb-flex-wrap:wrap;\" ><div class=\"fusion-builder-row fusion-row fusion-flex-align-items-flex-start fusion-flex-content-wrap\" style=\"max-width:1248px;margin-left: calc(-4% \/ 2 );margin-right: calc(-4% \/ 2 );\"><div class=\"fusion-layout-column fusion_builder_column fusion-builder-column-0 fusion_builder_column_1_2 1_2 fusion-flex-column\" style=\"--awb-bg-size:cover;--awb-width-large:50%;--awb-margin-top-large:0px;--awb-spacing-right-large:3.84%;--awb-margin-bottom-large:20px;--awb-spacing-left-large:3.84%;--awb-width-medium:50%;--awb-order-medium:0;--awb-spacing-right-medium:3.84%;--awb-spacing-left-medium:3.84%;--awb-width-small:100%;--awb-order-small:0;--awb-spacing-right-small:1.92%;--awb-spacing-left-small:1.92%;\"><div class=\"fusion-column-wrapper fusion-column-has-shadow fusion-flex-justify-content-flex-start fusion-content-layout-column\"><div class=\"fusion-image-element \" style=\"--awb-caption-title-font-family:var(--h2_typography-font-family);--awb-caption-title-font-weight:var(--h2_typography-font-weight);--awb-caption-title-font-style:var(--h2_typography-font-style);--awb-caption-title-size:var(--h2_typography-font-size);--awb-caption-title-transform:var(--h2_typography-text-transform);--awb-caption-title-line-height:var(--h2_typography-line-height);--awb-caption-title-letter-spacing:var(--h2_typography-letter-spacing);\"><span class=\" fusion-imageframe imageframe-none imageframe-1 hover-type-none\"><img decoding=\"async\" width=\"1024\" height=\"636\" title=\"Cover du projet\" src=\"https:\/\/www.naturemweltasbl.lu\/\/wp-content\/uploads\/2024\/08\/Cover-du-projet--1024x636.png\" alt class=\"img-responsive wp-image-1722\" srcset=\"https:\/\/www.naturemweltasbl.lu\/wp-content\/uploads\/2024\/08\/Cover-du-projet--200x124.png 200w, https:\/\/www.naturemweltasbl.lu\/wp-content\/uploads\/2024\/08\/Cover-du-projet--400x249.png 400w, https:\/\/www.naturemweltasbl.lu\/wp-content\/uploads\/2024\/08\/Cover-du-projet--600x373.png 600w, https:\/\/www.naturemweltasbl.lu\/wp-content\/uploads\/2024\/08\/Cover-du-projet--800x497.png 800w, https:\/\/www.naturemweltasbl.lu\/wp-content\/uploads\/2024\/08\/Cover-du-projet--1200x746.png 1200w, https:\/\/www.naturemweltasbl.lu\/wp-content\/uploads\/2024\/08\/Cover-du-projet-.png 1242w\" sizes=\"(max-width: 640px) 100vw, 600px\" \/><\/span><\/div><\/div><\/div><div class=\"fusion-layout-column fusion_builder_column fusion-builder-column-1 fusion_builder_column_1_2 1_2 fusion-flex-column\" style=\"--awb-bg-size:cover;--awb-width-large:50%;--awb-margin-top-large:0px;--awb-spacing-right-large:3.84%;--awb-margin-bottom-large:20px;--awb-spacing-left-large:3.84%;--awb-width-medium:50%;--awb-order-medium:0;--awb-spacing-right-medium:3.84%;--awb-spacing-left-medium:3.84%;--awb-width-small:100%;--awb-order-small:0;--awb-spacing-right-small:1.92%;--awb-spacing-left-small:1.92%;\"><div class=\"fusion-column-wrapper fusion-column-has-shadow fusion-flex-justify-content-flex-start fusion-content-layout-column\"><div class=\"fusion-title title fusion-title-1 fusion-sep-none fusion-title-text fusion-title-size-four\" style=\"--awb-margin-top-small:10px;--awb-margin-right-small:0px;--awb-margin-bottom-small:10px;--awb-margin-left-small:0px;\"><h4 class=\"fusion-title-heading title-heading-left\" style=\"margin:0;\">Links<\/h4><\/div><div class=\"fusion-separator\" style=\"align-self: flex-start;margin-right:auto;margin-bottom:20px;width:100%;max-width:70px;\"><div class=\"fusion-separator-border sep-single sep-solid\" style=\"--awb-height:20px;--awb-amount:20px;border-color:var(--awb-color3);border-top-width:2px;\"><\/div><\/div><div class=\"fusion-text fusion-text-1 fusion-text-no-margin\" style=\"--awb-margin-bottom:5%;\"><p><a href=\"https:\/\/www.votumklima.lu\/fr\/bienvenue-3\/\">Projektseite<\/a><\/p>\n<\/div><div class=\"fusion-title title fusion-title-2 fusion-sep-none fusion-title-text fusion-title-size-four\" style=\"--awb-margin-top-small:10px;--awb-margin-right-small:0px;--awb-margin-bottom-small:10px;--awb-margin-left-small:0px;\"><h4 class=\"fusion-title-heading title-heading-left\" style=\"margin:0;\">Projektteam<\/h4><\/div><div class=\"fusion-separator\" style=\"align-self: flex-start;margin-right:auto;margin-bottom:20px;width:100%;max-width:70px;\"><div class=\"fusion-separator-border sep-single sep-solid\" style=\"--awb-height:20px;--awb-amount:20px;border-color:var(--awb-color3);border-top-width:2px;\"><\/div><\/div><div class=\"fusion-text fusion-text-2\"><p>Kontakt : BENOY Fran\u00e7ois<br \/>\n(+352) 29 04 04 &#8211; 311<br \/>\n<a href=\"mailto:f.benoy@naturemwelt.lu\">f.benoy@naturemwelt.lu<\/a><\/p>\n<\/div><\/div><\/div><\/div><\/div><div class=\"fusion-fullwidth fullwidth-box fusion-builder-row-2 fusion-flex-container has-pattern-background has-mask-background nonhundred-percent-fullwidth non-hundred-percent-height-scrolling\" style=\"--awb-border-radius-top-left:0px;--awb-border-radius-top-right:0px;--awb-border-radius-bottom-right:0px;--awb-border-radius-bottom-left:0px;--awb-margin-top:50px;--awb-flex-wrap:wrap;\" ><div class=\"fusion-builder-row fusion-row fusion-flex-align-items-flex-start fusion-flex-content-wrap\" style=\"max-width:1248px;margin-left: calc(-4% \/ 2 );margin-right: calc(-4% \/ 2 );\"><div class=\"fusion-layout-column fusion_builder_column fusion-builder-column-2 fusion_builder_column_1_1 1_1 fusion-flex-column\" style=\"--awb-bg-size:cover;--awb-width-large:100%;--awb-margin-top-large:0px;--awb-spacing-right-large:1.92%;--awb-margin-bottom-large:20px;--awb-spacing-left-large:1.92%;--awb-width-medium:100%;--awb-order-medium:0;--awb-spacing-right-medium:1.92%;--awb-spacing-left-medium:1.92%;--awb-width-small:100%;--awb-order-small:0;--awb-spacing-right-small:1.92%;--awb-spacing-left-small:1.92%;\"><div class=\"fusion-column-wrapper fusion-column-has-shadow fusion-flex-justify-content-flex-start fusion-content-layout-column\"><div class=\"fusion-text fusion-text-3\"><p>Votum Klima ist eine Plattform aus folgenden luxemburgischen Nichtregierungsorganisationen: Aide \u00e0 l\u2019Enfance de l\u2019Inde et du N\u00e9pal, Action Solidarit\u00e9 Tiers Monde (ASTM), Caritas Luxemburg, CELL, Cercle de Coop\u00e9ration, etika, Eurosolar L\u00ebtzebuerg, Fairtrade L\u00ebtzebuerg, Fr\u00e8res des Hommes (FDH), Greenpeace Luxemburg, ProVelo, natur&amp;\u00ebmwelt, partage, SOS Faim Luxemburg, Vereenegung fir Biolandwirtschaft L\u00ebtzebuerg a.s.b.l.. Sie entstand aus der \u00dcberzeugung heraus, dass Umweltschutzorganisationen, Entwicklungsorganisationen und soziale Organisationen im Kampf gegen den Klimawandel gemeinsam handeln m\u00fcssen.<\/p>\n<p>Seit 2009 engagieren wir uns f\u00fcr eine Wende in der Klima- und Energiepolitik Luxemburgs. Mit rund 18 Tonnen klimasch\u00e4dlicher Treibhausgase pro Kopf liegt Luxemburg deutlich \u00fcber den Treibhausgasemissionen moderner Gesellschaften und ist weit von dem entfernt, was aus Sicht des Klimaschutzes notwendig ist. Je mehr wir den Klimaschutz als Chance f\u00fcr unsere Gesellschaft begreifen, desto leichter wird es uns fallen, die enorme Aufgabe des Klimaschutzes zu bew\u00e4ltigen und das Land auf eine Zukunft jenseits fossiler Brennstoffe vorzubereiten.<\/p>\n<p align=\"justify\"><span lang=\"fr-FR\">\u00a0<\/span><\/p>\n<\/div><\/div><\/div><\/div><\/div><\/p>\n","protected":false},"excerpt":{"rendered":"<p>Votum Klima entstand aus der \u00dcberzeugung heraus, dass Umweltschutzorganisationen, Entwicklungsorganisationen und soziale Organisationen im Kampf gegen den Klimawandel gemeinsam handeln m\u00fcssen.<\/p>\n","protected":false},"author":1,"featured_media":1722,"comment_status":"closed","ping_status":"open","sticky":false,"template":"","format":"standard","meta":{"footnotes":""},"categories":[194],"tags":[],"post_folder":[209],"class_list":["post-4448","post","type-post","status-publish","format-standard","has-post-thumbnail","hentry","category-projets-de"],"yoast_head":"<!-- This site is optimized with the Yoast SEO plugin v27.5 - https:\/\/yoast.com\/product\/yoast-seo-wordpress\/ -->\n<title>Votum Klima - natur&amp;\u00ebmwelt a.s.b.l.<\/title>\n<meta name=\"robots\" content=\"index, follow, max-snippet:-1, max-image-preview:large, max-video-preview:-1\" \/>\n<link rel=\"canonical\" href=\"https:\/\/www.naturemweltasbl.lu\/votum-klima\/\" \/>\n<meta property=\"og:locale\" content=\"de_DE\" \/>\n<meta property=\"og:type\" content=\"article\" \/>\n<meta property=\"og:title\" content=\"Votum Klima - natur&amp;\u00ebmwelt a.s.b.l.\" \/>\n<meta property=\"og:description\" content=\"Votum Klima entstand aus der \u00dcberzeugung heraus, dass Umweltschutzorganisationen, Entwicklungsorganisationen und soziale Organisationen im Kampf gegen den Klimawandel gemeinsam handeln m\u00fcssen.\" \/>\n<meta property=\"og:url\" content=\"https:\/\/www.naturemweltasbl.lu\/votum-klima\/\" \/>\n<meta property=\"og:site_name\" content=\"natur&amp;\u00ebmwelt a.s.b.l.\" \/>\n<meta property=\"article:publisher\" content=\"https:\/\/www.facebook.com\/naturemwelt\/\" \/>\n<meta property=\"article:published_time\" content=\"2024-08-12T07:13:22+00:00\" \/>\n<meta property=\"article:modified_time\" content=\"2024-12-17T10:32:33+00:00\" \/>\n<meta property=\"og:image\" content=\"https:\/\/www.naturemweltasbl.lu\/wp-content\/uploads\/2024\/08\/Cover-du-projet-.png\" \/>\n\t<meta property=\"og:image:width\" content=\"1242\" \/>\n\t<meta property=\"og:image:height\" content=\"772\" \/>\n\t<meta property=\"og:image:type\" content=\"image\/png\" \/>\n<meta name=\"author\" content=\"N&amp;E editor\" \/>\n<meta name=\"twitter:card\" content=\"summary_large_image\" \/>\n<meta name=\"twitter:creator\" content=\"@Natur_an_Emwelt\" \/>\n<meta name=\"twitter:site\" content=\"@Natur_an_Emwelt\" \/>\n<meta name=\"twitter:label1\" content=\"Verfasst von\" \/>\n\t<meta name=\"twitter:data1\" content=\"N&amp;E editor\" \/>\n\t<meta name=\"twitter:label2\" content=\"Gesch\u00e4tzte Lesezeit\" \/>\n\t<meta name=\"twitter:data2\" content=\"2\u00a0Minuten\" \/>\n<script type=\"application\/ld+json\" class=\"yoast-schema-graph\">{\"@context\":\"https:\\\/\\\/schema.org\",\"@graph\":[{\"@type\":\"Article\",\"@id\":\"https:\\\/\\\/www.naturemweltasbl.lu\\\/votum-klima\\\/#article\",\"isPartOf\":{\"@id\":\"https:\\\/\\\/www.naturemweltasbl.lu\\\/votum-klima\\\/\"},\"author\":{\"name\":\"N&amp;E editor\",\"@id\":\"https:\\\/\\\/www.naturemweltasbl.lu\\\/#\\\/schema\\\/person\\\/974a907846c45b708bf784aab328997c\"},\"headline\":\"Votum Klima\",\"datePublished\":\"2024-08-12T07:13:22+00:00\",\"dateModified\":\"2024-12-17T10:32:33+00:00\",\"mainEntityOfPage\":{\"@id\":\"https:\\\/\\\/www.naturemweltasbl.lu\\\/votum-klima\\\/\"},\"wordCount\":2453,\"publisher\":{\"@id\":\"https:\\\/\\\/www.naturemweltasbl.lu\\\/#organization\"},\"image\":{\"@id\":\"https:\\\/\\\/www.naturemweltasbl.lu\\\/votum-klima\\\/#primaryimage\"},\"thumbnailUrl\":\"https:\\\/\\\/www.naturemweltasbl.lu\\\/wp-content\\\/uploads\\\/2024\\\/08\\\/Cover-du-projet-.png\",\"articleSection\":[\"Projekte\"],\"inLanguage\":\"de\"},{\"@type\":\"WebPage\",\"@id\":\"https:\\\/\\\/www.naturemweltasbl.lu\\\/votum-klima\\\/\",\"url\":\"https:\\\/\\\/www.naturemweltasbl.lu\\\/votum-klima\\\/\",\"name\":\"Votum Klima - natur&amp;\u00ebmwelt a.s.b.l.\",\"isPartOf\":{\"@id\":\"https:\\\/\\\/www.naturemweltasbl.lu\\\/#website\"},\"primaryImageOfPage\":{\"@id\":\"https:\\\/\\\/www.naturemweltasbl.lu\\\/votum-klima\\\/#primaryimage\"},\"image\":{\"@id\":\"https:\\\/\\\/www.naturemweltasbl.lu\\\/votum-klima\\\/#primaryimage\"},\"thumbnailUrl\":\"https:\\\/\\\/www.naturemweltasbl.lu\\\/wp-content\\\/uploads\\\/2024\\\/08\\\/Cover-du-projet-.png\",\"datePublished\":\"2024-08-12T07:13:22+00:00\",\"dateModified\":\"2024-12-17T10:32:33+00:00\",\"breadcrumb\":{\"@id\":\"https:\\\/\\\/www.naturemweltasbl.lu\\\/votum-klima\\\/#breadcrumb\"},\"inLanguage\":\"de\",\"potentialAction\":[{\"@type\":\"ReadAction\",\"target\":[\"https:\\\/\\\/www.naturemweltasbl.lu\\\/votum-klima\\\/\"]}]},{\"@type\":\"ImageObject\",\"inLanguage\":\"de\",\"@id\":\"https:\\\/\\\/www.naturemweltasbl.lu\\\/votum-klima\\\/#primaryimage\",\"url\":\"https:\\\/\\\/www.naturemweltasbl.lu\\\/wp-content\\\/uploads\\\/2024\\\/08\\\/Cover-du-projet-.png\",\"contentUrl\":\"https:\\\/\\\/www.naturemweltasbl.lu\\\/wp-content\\\/uploads\\\/2024\\\/08\\\/Cover-du-projet-.png\",\"width\":1242,\"height\":772},{\"@type\":\"BreadcrumbList\",\"@id\":\"https:\\\/\\\/www.naturemweltasbl.lu\\\/votum-klima\\\/#breadcrumb\",\"itemListElement\":[{\"@type\":\"ListItem\",\"position\":1,\"name\":\"Startseite\",\"item\":\"https:\\\/\\\/www.naturemweltasbl.lu\\\/de\\\/\"},{\"@type\":\"ListItem\",\"position\":2,\"name\":\"Votum Klima\"}]},{\"@type\":\"WebSite\",\"@id\":\"https:\\\/\\\/www.naturemweltasbl.lu\\\/#website\",\"url\":\"https:\\\/\\\/www.naturemweltasbl.lu\\\/\",\"name\":\"natur&\u00ebmwelt a.s.b.l.\",\"description\":\"\",\"publisher\":{\"@id\":\"https:\\\/\\\/www.naturemweltasbl.lu\\\/#organization\"},\"potentialAction\":[{\"@type\":\"SearchAction\",\"target\":{\"@type\":\"EntryPoint\",\"urlTemplate\":\"https:\\\/\\\/www.naturemweltasbl.lu\\\/?s={search_term_string}\"},\"query-input\":{\"@type\":\"PropertyValueSpecification\",\"valueRequired\":true,\"valueName\":\"search_term_string\"}}],\"inLanguage\":\"de\"},{\"@type\":\"Organization\",\"@id\":\"https:\\\/\\\/www.naturemweltasbl.lu\\\/#organization\",\"name\":\"natur&\u00ebmwelt a.s.b.l.\",\"url\":\"https:\\\/\\\/www.naturemweltasbl.lu\\\/\",\"logo\":{\"@type\":\"ImageObject\",\"inLanguage\":\"de\",\"@id\":\"https:\\\/\\\/www.naturemweltasbl.lu\\\/#\\\/schema\\\/logo\\\/image\\\/\",\"url\":\"https:\\\/\\\/www.naturemweltasbl.lu\\\/wp-content\\\/uploads\\\/2024\\\/07\\\/NE_Logo_asbl_RGB-e1720014142276.png\",\"contentUrl\":\"https:\\\/\\\/www.naturemweltasbl.lu\\\/wp-content\\\/uploads\\\/2024\\\/07\\\/NE_Logo_asbl_RGB-e1720014142276.png\",\"width\":432,\"height\":254,\"caption\":\"natur&\u00ebmwelt a.s.b.l.\"},\"image\":{\"@id\":\"https:\\\/\\\/www.naturemweltasbl.lu\\\/#\\\/schema\\\/logo\\\/image\\\/\"},\"sameAs\":[\"https:\\\/\\\/www.facebook.com\\\/naturemwelt\\\/\",\"https:\\\/\\\/x.com\\\/Natur_an_Emwelt\",\"https:\\\/\\\/www.instagram.com\\\/naturemwelt\\\/\",\"https:\\\/\\\/www.youtube.com\\\/user\\\/naturemwelt\",\"https:\\\/\\\/lu.linkedin.com\\\/company\\\/naturemweltasbl?trk=similar-pages\"]},{\"@type\":\"Person\",\"@id\":\"https:\\\/\\\/www.naturemweltasbl.lu\\\/#\\\/schema\\\/person\\\/974a907846c45b708bf784aab328997c\",\"name\":\"N&amp;E editor\",\"image\":{\"@type\":\"ImageObject\",\"inLanguage\":\"de\",\"@id\":\"https:\\\/\\\/secure.gravatar.com\\\/avatar\\\/32bceb30b4208082153489c99c4f18f9b541a3b7ba53642254ab33f51b9c263f?s=96&d=mm&r=g\",\"url\":\"https:\\\/\\\/secure.gravatar.com\\\/avatar\\\/32bceb30b4208082153489c99c4f18f9b541a3b7ba53642254ab33f51b9c263f?s=96&d=mm&r=g\",\"contentUrl\":\"https:\\\/\\\/secure.gravatar.com\\\/avatar\\\/32bceb30b4208082153489c99c4f18f9b541a3b7ba53642254ab33f51b9c263f?s=96&d=mm&r=g\",\"caption\":\"N&amp;E editor\"},\"sameAs\":[\"https:\\\/\\\/www.naturemweltasbl.lu\\\/\"],\"url\":\"https:\\\/\\\/www.naturemweltasbl.lu\\\/de\\\/author\\\/antoine-gomez\\\/\"}]}<\/script>\n<!-- \/ Yoast SEO plugin. -->","yoast_head_json":{"title":"Votum Klima - natur&amp;\u00ebmwelt a.s.b.l.","robots":{"index":"index","follow":"follow","max-snippet":"max-snippet:-1","max-image-preview":"max-image-preview:large","max-video-preview":"max-video-preview:-1"},"canonical":"https:\/\/www.naturemweltasbl.lu\/votum-klima\/","og_locale":"de_DE","og_type":"article","og_title":"Votum Klima - natur&amp;\u00ebmwelt a.s.b.l.","og_description":"Votum Klima entstand aus der \u00dcberzeugung heraus, dass Umweltschutzorganisationen, Entwicklungsorganisationen und soziale Organisationen im Kampf gegen den Klimawandel gemeinsam handeln m\u00fcssen.","og_url":"https:\/\/www.naturemweltasbl.lu\/votum-klima\/","og_site_name":"natur&amp;\u00ebmwelt a.s.b.l.","article_publisher":"https:\/\/www.facebook.com\/naturemwelt\/","article_published_time":"2024-08-12T07:13:22+00:00","article_modified_time":"2024-12-17T10:32:33+00:00","og_image":[{"width":1242,"height":772,"url":"https:\/\/www.naturemweltasbl.lu\/wp-content\/uploads\/2024\/08\/Cover-du-projet-.png","type":"image\/png"}],"author":"N&amp;E editor","twitter_card":"summary_large_image","twitter_creator":"@Natur_an_Emwelt","twitter_site":"@Natur_an_Emwelt","twitter_misc":{"Verfasst von":"N&amp;E editor","Gesch\u00e4tzte Lesezeit":"2\u00a0Minuten"},"schema":{"@context":"https:\/\/schema.org","@graph":[{"@type":"Article","@id":"https:\/\/www.naturemweltasbl.lu\/votum-klima\/#article","isPartOf":{"@id":"https:\/\/www.naturemweltasbl.lu\/votum-klima\/"},"author":{"name":"N&amp;E editor","@id":"https:\/\/www.naturemweltasbl.lu\/#\/schema\/person\/974a907846c45b708bf784aab328997c"},"headline":"Votum Klima","datePublished":"2024-08-12T07:13:22+00:00","dateModified":"2024-12-17T10:32:33+00:00","mainEntityOfPage":{"@id":"https:\/\/www.naturemweltasbl.lu\/votum-klima\/"},"wordCount":2453,"publisher":{"@id":"https:\/\/www.naturemweltasbl.lu\/#organization"},"image":{"@id":"https:\/\/www.naturemweltasbl.lu\/votum-klima\/#primaryimage"},"thumbnailUrl":"https:\/\/www.naturemweltasbl.lu\/wp-content\/uploads\/2024\/08\/Cover-du-projet-.png","articleSection":["Projekte"],"inLanguage":"de"},{"@type":"WebPage","@id":"https:\/\/www.naturemweltasbl.lu\/votum-klima\/","url":"https:\/\/www.naturemweltasbl.lu\/votum-klima\/","name":"Votum Klima - natur&amp;\u00ebmwelt a.s.b.l.","isPartOf":{"@id":"https:\/\/www.naturemweltasbl.lu\/#website"},"primaryImageOfPage":{"@id":"https:\/\/www.naturemweltasbl.lu\/votum-klima\/#primaryimage"},"image":{"@id":"https:\/\/www.naturemweltasbl.lu\/votum-klima\/#primaryimage"},"thumbnailUrl":"https:\/\/www.naturemweltasbl.lu\/wp-content\/uploads\/2024\/08\/Cover-du-projet-.png","datePublished":"2024-08-12T07:13:22+00:00","dateModified":"2024-12-17T10:32:33+00:00","breadcrumb":{"@id":"https:\/\/www.naturemweltasbl.lu\/votum-klima\/#breadcrumb"},"inLanguage":"de","potentialAction":[{"@type":"ReadAction","target":["https:\/\/www.naturemweltasbl.lu\/votum-klima\/"]}]},{"@type":"ImageObject","inLanguage":"de","@id":"https:\/\/www.naturemweltasbl.lu\/votum-klima\/#primaryimage","url":"https:\/\/www.naturemweltasbl.lu\/wp-content\/uploads\/2024\/08\/Cover-du-projet-.png","contentUrl":"https:\/\/www.naturemweltasbl.lu\/wp-content\/uploads\/2024\/08\/Cover-du-projet-.png","width":1242,"height":772},{"@type":"BreadcrumbList","@id":"https:\/\/www.naturemweltasbl.lu\/votum-klima\/#breadcrumb","itemListElement":[{"@type":"ListItem","position":1,"name":"Startseite","item":"https:\/\/www.naturemweltasbl.lu\/de\/"},{"@type":"ListItem","position":2,"name":"Votum Klima"}]},{"@type":"WebSite","@id":"https:\/\/www.naturemweltasbl.lu\/#website","url":"https:\/\/www.naturemweltasbl.lu\/","name":"natur&\u00ebmwelt a.s.b.l.","description":"","publisher":{"@id":"https:\/\/www.naturemweltasbl.lu\/#organization"},"potentialAction":[{"@type":"SearchAction","target":{"@type":"EntryPoint","urlTemplate":"https:\/\/www.naturemweltasbl.lu\/?s={search_term_string}"},"query-input":{"@type":"PropertyValueSpecification","valueRequired":true,"valueName":"search_term_string"}}],"inLanguage":"de"},{"@type":"Organization","@id":"https:\/\/www.naturemweltasbl.lu\/#organization","name":"natur&\u00ebmwelt a.s.b.l.","url":"https:\/\/www.naturemweltasbl.lu\/","logo":{"@type":"ImageObject","inLanguage":"de","@id":"https:\/\/www.naturemweltasbl.lu\/#\/schema\/logo\/image\/","url":"https:\/\/www.naturemweltasbl.lu\/wp-content\/uploads\/2024\/07\/NE_Logo_asbl_RGB-e1720014142276.png","contentUrl":"https:\/\/www.naturemweltasbl.lu\/wp-content\/uploads\/2024\/07\/NE_Logo_asbl_RGB-e1720014142276.png","width":432,"height":254,"caption":"natur&\u00ebmwelt a.s.b.l."},"image":{"@id":"https:\/\/www.naturemweltasbl.lu\/#\/schema\/logo\/image\/"},"sameAs":["https:\/\/www.facebook.com\/naturemwelt\/","https:\/\/x.com\/Natur_an_Emwelt","https:\/\/www.instagram.com\/naturemwelt\/","https:\/\/www.youtube.com\/user\/naturemwelt","https:\/\/lu.linkedin.com\/company\/naturemweltasbl?trk=similar-pages"]},{"@type":"Person","@id":"https:\/\/www.naturemweltasbl.lu\/#\/schema\/person\/974a907846c45b708bf784aab328997c","name":"N&amp;E editor","image":{"@type":"ImageObject","inLanguage":"de","@id":"https:\/\/secure.gravatar.com\/avatar\/32bceb30b4208082153489c99c4f18f9b541a3b7ba53642254ab33f51b9c263f?s=96&d=mm&r=g","url":"https:\/\/secure.gravatar.com\/avatar\/32bceb30b4208082153489c99c4f18f9b541a3b7ba53642254ab33f51b9c263f?s=96&d=mm&r=g","contentUrl":"https:\/\/secure.gravatar.com\/avatar\/32bceb30b4208082153489c99c4f18f9b541a3b7ba53642254ab33f51b9c263f?s=96&d=mm&r=g","caption":"N&amp;E editor"},"sameAs":["https:\/\/www.naturemweltasbl.lu\/"],"url":"https:\/\/www.naturemweltasbl.lu\/de\/author\/antoine-gomez\/"}]}},"_links":{"self":[{"href":"https:\/\/www.naturemweltasbl.lu\/de\/wp-json\/wp\/v2\/posts\/4448","targetHints":{"allow":["GET"]}}],"collection":[{"href":"https:\/\/www.naturemweltasbl.lu\/de\/wp-json\/wp\/v2\/posts"}],"about":[{"href":"https:\/\/www.naturemweltasbl.lu\/de\/wp-json\/wp\/v2\/types\/post"}],"author":[{"embeddable":true,"href":"https:\/\/www.naturemweltasbl.lu\/de\/wp-json\/wp\/v2\/users\/1"}],"replies":[{"embeddable":true,"href":"https:\/\/www.naturemweltasbl.lu\/de\/wp-json\/wp\/v2\/comments?post=4448"}],"version-history":[{"count":3,"href":"https:\/\/www.naturemweltasbl.lu\/de\/wp-json\/wp\/v2\/posts\/4448\/revisions"}],"predecessor-version":[{"id":4542,"href":"https:\/\/www.naturemweltasbl.lu\/de\/wp-json\/wp\/v2\/posts\/4448\/revisions\/4542"}],"wp:featuredmedia":[{"embeddable":true,"href":"https:\/\/www.naturemweltasbl.lu\/de\/wp-json\/wp\/v2\/media\/1722"}],"wp:attachment":[{"href":"https:\/\/www.naturemweltasbl.lu\/de\/wp-json\/wp\/v2\/media?parent=4448"}],"wp:term":[{"taxonomy":"category","embeddable":true,"href":"https:\/\/www.naturemweltasbl.lu\/de\/wp-json\/wp\/v2\/categories?post=4448"},{"taxonomy":"post_tag","embeddable":true,"href":"https:\/\/www.naturemweltasbl.lu\/de\/wp-json\/wp\/v2\/tags?post=4448"},{"taxonomy":"post_folder","embeddable":true,"href":"https:\/\/www.naturemweltasbl.lu\/de\/wp-json\/wp\/v2\/post_folder?post=4448"}],"curies":[{"name":"wp","href":"https:\/\/api.w.org\/{rel}","templated":true}]}}