{"id":3929,"date":"2021-10-27T00:00:00","date_gmt":"2021-10-26T22:00:00","guid":{"rendered":"https:\/\/cp33msbjmvs.preview.infomaniak.website\/kolloquium-2021-leben-in-den-staedten-von-morgen\/"},"modified":"2024-12-17T11:32:47","modified_gmt":"2024-12-17T10:32:47","slug":"kolloquium-2021-leben-in-den-staedten-von-morgen","status":"publish","type":"post","link":"https:\/\/www.naturemweltasbl.lu\/de\/kolloquium-2021-leben-in-den-staedten-von-morgen\/","title":{"rendered":"Kolloquium 2021 \u2013 Leben in den St\u00e4dten von morgen"},"content":{"rendered":"<p>Klimaresilienz \u2013 Biodiversit\u00e4t \u2013 Gesundheit<\/p>\n<p>Le 22 octobre 2021, natur&#038;\u00ebmwelt a.s.b.l., le Mus\u00e9e National d\u2019Histoire Naturelle, l\u2019Administration de la Nature et des for\u00eats et l\u2019Administration de la Gestion des Eaux ont invit\u00e9 \u00e0 leur colloque scientifique sous le th\u00e8me: \u00abLEBEN IN DEN ST\u00c4DTEN VON MORGEN: Klimaresilienz \u2013 Biodiversit\u00e4t \u2013 Gesundheit\u00bb (LA VIE DANS LES VILLES DE DEMAIN : R\u00e9silience climatique \u2013 Biodiversit\u00e9 \u2013 Sant\u00e9). Le colloque s\u2019est d\u00e9roul\u00e9 au campus Belval de l\u2019Universit\u00e9 du Luxembourg. Cette ann\u00e9e l\u2019\u00e9v\u00e9nement a attir\u00e9 environ 200 participants.<\/p>\n<p>Avec la croissance continue de la population, le th\u00e8me de l\u2019urbanisme devient de plus en plus important au Klimaresilienz \u2013 Biodiversit\u00e4t \u2013 Gesundheit<\/p>\n<p>Am 22. Oktober 2021 luden natur&#038;\u00ebmwelt a.s.b.l., das Nationalmuseum fu\u0308r Naturgeschichte, die Naturverwaltung und die Wasserwirtschaftsverwaltung auf den Campus Belval, der Uni Luxemburg zu ihrem wissenschaftlichen Kolloquium unter dem Thema: LEBEN IN DEN ST\u00c4DTEN VON MORGEN: Klimaresilienz \u2013 Biodiversit\u00e4t \u2013 Gesundheit. Die gemeinsam organisierte Veranstaltung z\u00e4hlte in diesem Jahr rund 200 Teilnehmer.<\/p>\n<p>Mit der stetig wachsenden Bev\u00f6lkerung, erlangt das Thema der Stadtplanung in Luxemburg immer gr\u00f6\u00dfere Bedeutung, wobei auch dem Schutz unter anderem der Biodiversit\u00e4t und der Gew\u00e4sser besonderes Interesse zukommt. In sieben Fachbeitr\u00e4gen thematisierten Referenten aus dem In- und Ausland, klimaresiliente Stadtplanung, Lichtverschmutzung, invasive und einheimische Problemarten im urbanen \u00d6kosystem sowie die gesundheitlichen Vorteile einer naturnahen Stadtplanung. Im Anschluss an das Mittagessen fand eine Exkursion zu einem ehemaligen Fabrikgel\u00e4nde zwischen Esch\/Alzette und Schifflingen statt, wo ein neuer Stadtteil entstehen wird.<\/p>\n<p>Das diesj\u00e4hrige Kolloquium stand unter der Schirmherrschaft des Ministeriums fu\u0308r Umwelt, Klima und nachhaltige Entwicklung, des Ministeriums fu\u0308r Landwirtschaft, Weinbau und l\u00e4ndliche Entwicklung und des Ministeriums fu\u0308r Kultur.<\/p>\n<p>Hier finden Sie den gesamten Abschlussbericht, sowie weitere zus\u00e4tzliche Lekt\u00fcre:<\/p>\n<p>Nieuwenhuijsen 2021 New urban models<br \/>\nPereira et al 2021 Green space and mortality TLPlanet_Oct2021_pe718_730_A6_21TLPlanet0229<br \/>\nClose spatial overlap between the genetic population boundaries of raccoons and the distribution of the raccoon roundworm in Germany<br \/>\nGeographic Distribution of Raccoon Roundworm, Baylisascaris procyonis, Germany and Luxembourg<br \/>\nhttps:\/\/environnement.public.lu\/content\/dam\/environnement\/documents\/natur\/biodiversite\/infrastructures-vertes\/pollution-lumineuse-GDL-mai2021-BD-planches.pdf<\/p>\n","protected":false},"excerpt":{"rendered":"<p>Klimaresilienz \u2013 Biodiversit\u00e4t \u2013 Gesundheit Le 22 octobre 2021, natur&#038;\u00ebmwelt [&#8230;]<\/p>\n","protected":false},"author":6,"featured_media":3141,"comment_status":"closed","ping_status":"open","sticky":false,"template":"","format":"standard","meta":{"footnotes":""},"categories":[196],"tags":[],"post_folder":[],"class_list":["post-3929","post","type-post","status-publish","format-standard","has-post-thumbnail","hentry","category-nicht-kategorisiert"],"yoast_head":"<!-- This site is optimized with the Yoast SEO plugin v27.5 - https:\/\/yoast.com\/product\/yoast-seo-wordpress\/ -->\n<title>Kolloquium 2021 \u2013 Leben in den St\u00e4dten von morgen - natur&amp;\u00ebmwelt a.s.b.l.<\/title>\n<meta name=\"robots\" content=\"index, follow, max-snippet:-1, max-image-preview:large, max-video-preview:-1\" \/>\n<link rel=\"canonical\" href=\"https:\/\/www.naturemweltasbl.lu\/colloque-2021-leben-in-den-staedten-von-morgen\/\" \/>\n<meta property=\"og:locale\" content=\"de_DE\" \/>\n<meta property=\"og:type\" content=\"article\" \/>\n<meta property=\"og:title\" content=\"Kolloquium 2021 \u2013 Leben in den St\u00e4dten von morgen - natur&amp;\u00ebmwelt a.s.b.l.\" \/>\n<meta property=\"og:description\" content=\"Klimaresilienz \u2013 Biodiversit\u00e4t \u2013 Gesundheit Le 22 octobre 2021, natur&#038;\u00ebmwelt [...]\" \/>\n<meta property=\"og:url\" content=\"https:\/\/www.naturemweltasbl.lu\/colloque-2021-leben-in-den-staedten-von-morgen\/\" \/>\n<meta property=\"og:site_name\" content=\"natur&amp;\u00ebmwelt a.s.b.l.\" \/>\n<meta property=\"article:publisher\" content=\"https:\/\/www.facebook.com\/naturemwelt\/\" \/>\n<meta property=\"article:published_time\" content=\"2021-10-26T22:00:00+00:00\" \/>\n<meta property=\"article:modified_time\" content=\"2024-12-17T10:32:47+00:00\" \/>\n<meta property=\"og:image\" content=\"https:\/\/www.naturemweltasbl.lu\/wp-content\/uploads\/2024\/12\/Screenshot-2021-10-12-at-14.29.45-1536x1074-1.png\" \/>\n\t<meta property=\"og:image:width\" content=\"1536\" \/>\n\t<meta property=\"og:image:height\" content=\"1074\" \/>\n\t<meta property=\"og:image:type\" content=\"image\/png\" \/>\n<meta name=\"author\" content=\"Sarah\" \/>\n<meta name=\"twitter:card\" content=\"summary_large_image\" \/>\n<meta name=\"twitter:creator\" content=\"@Natur_an_Emwelt\" \/>\n<meta name=\"twitter:site\" content=\"@Natur_an_Emwelt\" \/>\n<meta name=\"twitter:label1\" content=\"Verfasst von\" \/>\n\t<meta name=\"twitter:data1\" content=\"Sarah\" \/>\n\t<meta name=\"twitter:label2\" content=\"Gesch\u00e4tzte Lesezeit\" \/>\n\t<meta name=\"twitter:data2\" content=\"2\u00a0Minuten\" \/>\n<script type=\"application\/ld+json\" class=\"yoast-schema-graph\">{\"@context\":\"https:\\\/\\\/schema.org\",\"@graph\":[{\"@type\":\"Article\",\"@id\":\"https:\\\/\\\/www.naturemweltasbl.lu\\\/colloque-2021-leben-in-den-staedten-von-morgen\\\/#article\",\"isPartOf\":{\"@id\":\"https:\\\/\\\/www.naturemweltasbl.lu\\\/colloque-2021-leben-in-den-staedten-von-morgen\\\/\"},\"author\":{\"name\":\"Sarah\",\"@id\":\"https:\\\/\\\/www.naturemweltasbl.lu\\\/#\\\/schema\\\/person\\\/780c0c42916c8bfd5f0ae43ce4f0e27d\"},\"headline\":\"Kolloquium 2021 \u2013 Leben in den St\u00e4dten von morgen\",\"datePublished\":\"2021-10-26T22:00:00+00:00\",\"dateModified\":\"2024-12-17T10:32:47+00:00\",\"mainEntityOfPage\":{\"@id\":\"https:\\\/\\\/www.naturemweltasbl.lu\\\/colloque-2021-leben-in-den-staedten-von-morgen\\\/\"},\"wordCount\":369,\"publisher\":{\"@id\":\"https:\\\/\\\/www.naturemweltasbl.lu\\\/#organization\"},\"image\":{\"@id\":\"https:\\\/\\\/www.naturemweltasbl.lu\\\/colloque-2021-leben-in-den-staedten-von-morgen\\\/#primaryimage\"},\"thumbnailUrl\":\"https:\\\/\\\/www.naturemweltasbl.lu\\\/wp-content\\\/uploads\\\/2024\\\/12\\\/Screenshot-2021-10-12-at-14.29.45-1536x1074-1.png\",\"articleSection\":[\"Nicht kategorisiert\"],\"inLanguage\":\"de\"},{\"@type\":\"WebPage\",\"@id\":\"https:\\\/\\\/www.naturemweltasbl.lu\\\/colloque-2021-leben-in-den-staedten-von-morgen\\\/\",\"url\":\"https:\\\/\\\/www.naturemweltasbl.lu\\\/colloque-2021-leben-in-den-staedten-von-morgen\\\/\",\"name\":\"Kolloquium 2021 \u2013 Leben in den St\u00e4dten von morgen - natur&amp;\u00ebmwelt a.s.b.l.\",\"isPartOf\":{\"@id\":\"https:\\\/\\\/www.naturemweltasbl.lu\\\/#website\"},\"primaryImageOfPage\":{\"@id\":\"https:\\\/\\\/www.naturemweltasbl.lu\\\/colloque-2021-leben-in-den-staedten-von-morgen\\\/#primaryimage\"},\"image\":{\"@id\":\"https:\\\/\\\/www.naturemweltasbl.lu\\\/colloque-2021-leben-in-den-staedten-von-morgen\\\/#primaryimage\"},\"thumbnailUrl\":\"https:\\\/\\\/www.naturemweltasbl.lu\\\/wp-content\\\/uploads\\\/2024\\\/12\\\/Screenshot-2021-10-12-at-14.29.45-1536x1074-1.png\",\"datePublished\":\"2021-10-26T22:00:00+00:00\",\"dateModified\":\"2024-12-17T10:32:47+00:00\",\"breadcrumb\":{\"@id\":\"https:\\\/\\\/www.naturemweltasbl.lu\\\/colloque-2021-leben-in-den-staedten-von-morgen\\\/#breadcrumb\"},\"inLanguage\":\"de\",\"potentialAction\":[{\"@type\":\"ReadAction\",\"target\":[\"https:\\\/\\\/www.naturemweltasbl.lu\\\/colloque-2021-leben-in-den-staedten-von-morgen\\\/\"]}]},{\"@type\":\"ImageObject\",\"inLanguage\":\"de\",\"@id\":\"https:\\\/\\\/www.naturemweltasbl.lu\\\/colloque-2021-leben-in-den-staedten-von-morgen\\\/#primaryimage\",\"url\":\"https:\\\/\\\/www.naturemweltasbl.lu\\\/wp-content\\\/uploads\\\/2024\\\/12\\\/Screenshot-2021-10-12-at-14.29.45-1536x1074-1.png\",\"contentUrl\":\"https:\\\/\\\/www.naturemweltasbl.lu\\\/wp-content\\\/uploads\\\/2024\\\/12\\\/Screenshot-2021-10-12-at-14.29.45-1536x1074-1.png\",\"width\":1536,\"height\":1074},{\"@type\":\"BreadcrumbList\",\"@id\":\"https:\\\/\\\/www.naturemweltasbl.lu\\\/colloque-2021-leben-in-den-staedten-von-morgen\\\/#breadcrumb\",\"itemListElement\":[{\"@type\":\"ListItem\",\"position\":1,\"name\":\"Startseite\",\"item\":\"https:\\\/\\\/www.naturemweltasbl.lu\\\/de\\\/\"},{\"@type\":\"ListItem\",\"position\":2,\"name\":\"Kolloquium 2021 \u2013 Leben in den St\u00e4dten von morgen\"}]},{\"@type\":\"WebSite\",\"@id\":\"https:\\\/\\\/www.naturemweltasbl.lu\\\/#website\",\"url\":\"https:\\\/\\\/www.naturemweltasbl.lu\\\/\",\"name\":\"natur&\u00ebmwelt a.s.b.l.\",\"description\":\"\",\"publisher\":{\"@id\":\"https:\\\/\\\/www.naturemweltasbl.lu\\\/#organization\"},\"potentialAction\":[{\"@type\":\"SearchAction\",\"target\":{\"@type\":\"EntryPoint\",\"urlTemplate\":\"https:\\\/\\\/www.naturemweltasbl.lu\\\/?s={search_term_string}\"},\"query-input\":{\"@type\":\"PropertyValueSpecification\",\"valueRequired\":true,\"valueName\":\"search_term_string\"}}],\"inLanguage\":\"de\"},{\"@type\":\"Organization\",\"@id\":\"https:\\\/\\\/www.naturemweltasbl.lu\\\/#organization\",\"name\":\"natur&\u00ebmwelt a.s.b.l.\",\"url\":\"https:\\\/\\\/www.naturemweltasbl.lu\\\/\",\"logo\":{\"@type\":\"ImageObject\",\"inLanguage\":\"de\",\"@id\":\"https:\\\/\\\/www.naturemweltasbl.lu\\\/#\\\/schema\\\/logo\\\/image\\\/\",\"url\":\"https:\\\/\\\/www.naturemweltasbl.lu\\\/wp-content\\\/uploads\\\/2024\\\/07\\\/NE_Logo_asbl_RGB-e1720014142276.png\",\"contentUrl\":\"https:\\\/\\\/www.naturemweltasbl.lu\\\/wp-content\\\/uploads\\\/2024\\\/07\\\/NE_Logo_asbl_RGB-e1720014142276.png\",\"width\":432,\"height\":254,\"caption\":\"natur&\u00ebmwelt a.s.b.l.\"},\"image\":{\"@id\":\"https:\\\/\\\/www.naturemweltasbl.lu\\\/#\\\/schema\\\/logo\\\/image\\\/\"},\"sameAs\":[\"https:\\\/\\\/www.facebook.com\\\/naturemwelt\\\/\",\"https:\\\/\\\/x.com\\\/Natur_an_Emwelt\",\"https:\\\/\\\/www.instagram.com\\\/naturemwelt\\\/\",\"https:\\\/\\\/www.youtube.com\\\/user\\\/naturemwelt\",\"https:\\\/\\\/lu.linkedin.com\\\/company\\\/naturemweltasbl?trk=similar-pages\"]},{\"@type\":\"Person\",\"@id\":\"https:\\\/\\\/www.naturemweltasbl.lu\\\/#\\\/schema\\\/person\\\/780c0c42916c8bfd5f0ae43ce4f0e27d\",\"name\":\"Sarah\",\"image\":{\"@type\":\"ImageObject\",\"inLanguage\":\"de\",\"@id\":\"https:\\\/\\\/secure.gravatar.com\\\/avatar\\\/c9b30b67244b24874d7ecbb12985b1ed2b0864870a6fe430a1b8e64fd5fbf006?s=96&d=mm&r=g\",\"url\":\"https:\\\/\\\/secure.gravatar.com\\\/avatar\\\/c9b30b67244b24874d7ecbb12985b1ed2b0864870a6fe430a1b8e64fd5fbf006?s=96&d=mm&r=g\",\"contentUrl\":\"https:\\\/\\\/secure.gravatar.com\\\/avatar\\\/c9b30b67244b24874d7ecbb12985b1ed2b0864870a6fe430a1b8e64fd5fbf006?s=96&d=mm&r=g\",\"caption\":\"Sarah\"},\"url\":\"https:\\\/\\\/www.naturemweltasbl.lu\\\/de\\\/author\\\/sarah-n-e\\\/\"}]}<\/script>\n<!-- \/ Yoast SEO plugin. -->","yoast_head_json":{"title":"Kolloquium 2021 \u2013 Leben in den St\u00e4dten von morgen - natur&amp;\u00ebmwelt a.s.b.l.","robots":{"index":"index","follow":"follow","max-snippet":"max-snippet:-1","max-image-preview":"max-image-preview:large","max-video-preview":"max-video-preview:-1"},"canonical":"https:\/\/www.naturemweltasbl.lu\/colloque-2021-leben-in-den-staedten-von-morgen\/","og_locale":"de_DE","og_type":"article","og_title":"Kolloquium 2021 \u2013 Leben in den St\u00e4dten von morgen - natur&amp;\u00ebmwelt a.s.b.l.","og_description":"Klimaresilienz \u2013 Biodiversit\u00e4t \u2013 Gesundheit Le 22 octobre 2021, natur&#038;\u00ebmwelt [...]","og_url":"https:\/\/www.naturemweltasbl.lu\/colloque-2021-leben-in-den-staedten-von-morgen\/","og_site_name":"natur&amp;\u00ebmwelt a.s.b.l.","article_publisher":"https:\/\/www.facebook.com\/naturemwelt\/","article_published_time":"2021-10-26T22:00:00+00:00","article_modified_time":"2024-12-17T10:32:47+00:00","og_image":[{"width":1536,"height":1074,"url":"https:\/\/www.naturemweltasbl.lu\/wp-content\/uploads\/2024\/12\/Screenshot-2021-10-12-at-14.29.45-1536x1074-1.png","type":"image\/png"}],"author":"Sarah","twitter_card":"summary_large_image","twitter_creator":"@Natur_an_Emwelt","twitter_site":"@Natur_an_Emwelt","twitter_misc":{"Verfasst von":"Sarah","Gesch\u00e4tzte Lesezeit":"2\u00a0Minuten"},"schema":{"@context":"https:\/\/schema.org","@graph":[{"@type":"Article","@id":"https:\/\/www.naturemweltasbl.lu\/colloque-2021-leben-in-den-staedten-von-morgen\/#article","isPartOf":{"@id":"https:\/\/www.naturemweltasbl.lu\/colloque-2021-leben-in-den-staedten-von-morgen\/"},"author":{"name":"Sarah","@id":"https:\/\/www.naturemweltasbl.lu\/#\/schema\/person\/780c0c42916c8bfd5f0ae43ce4f0e27d"},"headline":"Kolloquium 2021 \u2013 Leben in den St\u00e4dten von morgen","datePublished":"2021-10-26T22:00:00+00:00","dateModified":"2024-12-17T10:32:47+00:00","mainEntityOfPage":{"@id":"https:\/\/www.naturemweltasbl.lu\/colloque-2021-leben-in-den-staedten-von-morgen\/"},"wordCount":369,"publisher":{"@id":"https:\/\/www.naturemweltasbl.lu\/#organization"},"image":{"@id":"https:\/\/www.naturemweltasbl.lu\/colloque-2021-leben-in-den-staedten-von-morgen\/#primaryimage"},"thumbnailUrl":"https:\/\/www.naturemweltasbl.lu\/wp-content\/uploads\/2024\/12\/Screenshot-2021-10-12-at-14.29.45-1536x1074-1.png","articleSection":["Nicht kategorisiert"],"inLanguage":"de"},{"@type":"WebPage","@id":"https:\/\/www.naturemweltasbl.lu\/colloque-2021-leben-in-den-staedten-von-morgen\/","url":"https:\/\/www.naturemweltasbl.lu\/colloque-2021-leben-in-den-staedten-von-morgen\/","name":"Kolloquium 2021 \u2013 Leben in den St\u00e4dten von morgen - natur&amp;\u00ebmwelt a.s.b.l.","isPartOf":{"@id":"https:\/\/www.naturemweltasbl.lu\/#website"},"primaryImageOfPage":{"@id":"https:\/\/www.naturemweltasbl.lu\/colloque-2021-leben-in-den-staedten-von-morgen\/#primaryimage"},"image":{"@id":"https:\/\/www.naturemweltasbl.lu\/colloque-2021-leben-in-den-staedten-von-morgen\/#primaryimage"},"thumbnailUrl":"https:\/\/www.naturemweltasbl.lu\/wp-content\/uploads\/2024\/12\/Screenshot-2021-10-12-at-14.29.45-1536x1074-1.png","datePublished":"2021-10-26T22:00:00+00:00","dateModified":"2024-12-17T10:32:47+00:00","breadcrumb":{"@id":"https:\/\/www.naturemweltasbl.lu\/colloque-2021-leben-in-den-staedten-von-morgen\/#breadcrumb"},"inLanguage":"de","potentialAction":[{"@type":"ReadAction","target":["https:\/\/www.naturemweltasbl.lu\/colloque-2021-leben-in-den-staedten-von-morgen\/"]}]},{"@type":"ImageObject","inLanguage":"de","@id":"https:\/\/www.naturemweltasbl.lu\/colloque-2021-leben-in-den-staedten-von-morgen\/#primaryimage","url":"https:\/\/www.naturemweltasbl.lu\/wp-content\/uploads\/2024\/12\/Screenshot-2021-10-12-at-14.29.45-1536x1074-1.png","contentUrl":"https:\/\/www.naturemweltasbl.lu\/wp-content\/uploads\/2024\/12\/Screenshot-2021-10-12-at-14.29.45-1536x1074-1.png","width":1536,"height":1074},{"@type":"BreadcrumbList","@id":"https:\/\/www.naturemweltasbl.lu\/colloque-2021-leben-in-den-staedten-von-morgen\/#breadcrumb","itemListElement":[{"@type":"ListItem","position":1,"name":"Startseite","item":"https:\/\/www.naturemweltasbl.lu\/de\/"},{"@type":"ListItem","position":2,"name":"Kolloquium 2021 \u2013 Leben in den St\u00e4dten von morgen"}]},{"@type":"WebSite","@id":"https:\/\/www.naturemweltasbl.lu\/#website","url":"https:\/\/www.naturemweltasbl.lu\/","name":"natur&\u00ebmwelt a.s.b.l.","description":"","publisher":{"@id":"https:\/\/www.naturemweltasbl.lu\/#organization"},"potentialAction":[{"@type":"SearchAction","target":{"@type":"EntryPoint","urlTemplate":"https:\/\/www.naturemweltasbl.lu\/?s={search_term_string}"},"query-input":{"@type":"PropertyValueSpecification","valueRequired":true,"valueName":"search_term_string"}}],"inLanguage":"de"},{"@type":"Organization","@id":"https:\/\/www.naturemweltasbl.lu\/#organization","name":"natur&\u00ebmwelt a.s.b.l.","url":"https:\/\/www.naturemweltasbl.lu\/","logo":{"@type":"ImageObject","inLanguage":"de","@id":"https:\/\/www.naturemweltasbl.lu\/#\/schema\/logo\/image\/","url":"https:\/\/www.naturemweltasbl.lu\/wp-content\/uploads\/2024\/07\/NE_Logo_asbl_RGB-e1720014142276.png","contentUrl":"https:\/\/www.naturemweltasbl.lu\/wp-content\/uploads\/2024\/07\/NE_Logo_asbl_RGB-e1720014142276.png","width":432,"height":254,"caption":"natur&\u00ebmwelt a.s.b.l."},"image":{"@id":"https:\/\/www.naturemweltasbl.lu\/#\/schema\/logo\/image\/"},"sameAs":["https:\/\/www.facebook.com\/naturemwelt\/","https:\/\/x.com\/Natur_an_Emwelt","https:\/\/www.instagram.com\/naturemwelt\/","https:\/\/www.youtube.com\/user\/naturemwelt","https:\/\/lu.linkedin.com\/company\/naturemweltasbl?trk=similar-pages"]},{"@type":"Person","@id":"https:\/\/www.naturemweltasbl.lu\/#\/schema\/person\/780c0c42916c8bfd5f0ae43ce4f0e27d","name":"Sarah","image":{"@type":"ImageObject","inLanguage":"de","@id":"https:\/\/secure.gravatar.com\/avatar\/c9b30b67244b24874d7ecbb12985b1ed2b0864870a6fe430a1b8e64fd5fbf006?s=96&d=mm&r=g","url":"https:\/\/secure.gravatar.com\/avatar\/c9b30b67244b24874d7ecbb12985b1ed2b0864870a6fe430a1b8e64fd5fbf006?s=96&d=mm&r=g","contentUrl":"https:\/\/secure.gravatar.com\/avatar\/c9b30b67244b24874d7ecbb12985b1ed2b0864870a6fe430a1b8e64fd5fbf006?s=96&d=mm&r=g","caption":"Sarah"},"url":"https:\/\/www.naturemweltasbl.lu\/de\/author\/sarah-n-e\/"}]}},"_links":{"self":[{"href":"https:\/\/www.naturemweltasbl.lu\/de\/wp-json\/wp\/v2\/posts\/3929","targetHints":{"allow":["GET"]}}],"collection":[{"href":"https:\/\/www.naturemweltasbl.lu\/de\/wp-json\/wp\/v2\/posts"}],"about":[{"href":"https:\/\/www.naturemweltasbl.lu\/de\/wp-json\/wp\/v2\/types\/post"}],"author":[{"embeddable":true,"href":"https:\/\/www.naturemweltasbl.lu\/de\/wp-json\/wp\/v2\/users\/6"}],"replies":[{"embeddable":true,"href":"https:\/\/www.naturemweltasbl.lu\/de\/wp-json\/wp\/v2\/comments?post=3929"}],"version-history":[{"count":1,"href":"https:\/\/www.naturemweltasbl.lu\/de\/wp-json\/wp\/v2\/posts\/3929\/revisions"}],"predecessor-version":[{"id":4719,"href":"https:\/\/www.naturemweltasbl.lu\/de\/wp-json\/wp\/v2\/posts\/3929\/revisions\/4719"}],"wp:featuredmedia":[{"embeddable":true,"href":"https:\/\/www.naturemweltasbl.lu\/de\/wp-json\/wp\/v2\/media\/3141"}],"wp:attachment":[{"href":"https:\/\/www.naturemweltasbl.lu\/de\/wp-json\/wp\/v2\/media?parent=3929"}],"wp:term":[{"taxonomy":"category","embeddable":true,"href":"https:\/\/www.naturemweltasbl.lu\/de\/wp-json\/wp\/v2\/categories?post=3929"},{"taxonomy":"post_tag","embeddable":true,"href":"https:\/\/www.naturemweltasbl.lu\/de\/wp-json\/wp\/v2\/tags?post=3929"},{"taxonomy":"post_folder","embeddable":true,"href":"https:\/\/www.naturemweltasbl.lu\/de\/wp-json\/wp\/v2\/post_folder?post=3929"}],"curies":[{"name":"wp","href":"https:\/\/api.w.org\/{rel}","templated":true}]}}