{"id":10700,"date":"2026-04-23T11:28:47","date_gmt":"2026-04-23T09:28:47","guid":{"rendered":"https:\/\/www.naturemweltasbl.lu\/bestebser-parc-merveilleux\/"},"modified":"2026-04-28T09:48:28","modified_gmt":"2026-04-28T07:48:28","slug":"bestebser-parc-merveilleux","status":"publish","type":"post","link":"https:\/\/www.naturemweltasbl.lu\/de\/bestebser-parc-merveilleux\/","title":{"rendered":"Best\u00ebbser Parc Merveilleux"},"content":{"rendered":"<p><div class=\"fusion-fullwidth fullwidth-box fusion-builder-row-1 fusion-flex-container has-pattern-background has-mask-background nonhundred-percent-fullwidth non-hundred-percent-height-scrolling\" style=\"--awb-border-radius-top-left:0px;--awb-border-radius-top-right:0px;--awb-border-radius-bottom-right:0px;--awb-border-radius-bottom-left:0px;--awb-flex-wrap:wrap;\" ><div class=\"fusion-builder-row fusion-row fusion-flex-align-items-flex-start fusion-flex-content-wrap\" style=\"max-width:1248px;margin-left: calc(-4% \/ 2 );margin-right: calc(-4% \/ 2 );\"><div class=\"fusion-layout-column fusion_builder_column fusion-builder-column-0 fusion_builder_column_1_2 1_2 fusion-flex-column\" style=\"--awb-bg-size:cover;--awb-width-large:50%;--awb-margin-top-large:0px;--awb-spacing-right-large:3.84%;--awb-margin-bottom-large:20px;--awb-spacing-left-large:3.84%;--awb-width-medium:50%;--awb-order-medium:0;--awb-spacing-right-medium:3.84%;--awb-spacing-left-medium:3.84%;--awb-width-small:100%;--awb-order-small:0;--awb-spacing-right-small:1.92%;--awb-spacing-left-small:1.92%;\"><div class=\"fusion-column-wrapper fusion-column-has-shadow fusion-flex-justify-content-flex-start fusion-content-layout-column\"><div class=\"fusion-image-element \" style=\"--awb-caption-title-font-family:var(--h2_typography-font-family);--awb-caption-title-font-weight:var(--h2_typography-font-weight);--awb-caption-title-font-style:var(--h2_typography-font-style);--awb-caption-title-size:var(--h2_typography-font-size);--awb-caption-title-transform:var(--h2_typography-text-transform);--awb-caption-title-line-height:var(--h2_typography-line-height);--awb-caption-title-letter-spacing:var(--h2_typography-letter-spacing);\"><span class=\" fusion-imageframe imageframe-none imageframe-1 hover-type-none\"><img decoding=\"async\" width=\"1024\" height=\"624\" title=\"Screenshot 2025-08-01 at 11.07.17\" src=\"https:\/\/www.naturemweltasbl.lu\/wp-content\/uploads\/2025\/08\/Screenshot-2025-08-01-at-11.07.17-1024x624.png\" alt class=\"img-responsive wp-image-7461\" srcset=\"https:\/\/www.naturemweltasbl.lu\/wp-content\/uploads\/2025\/08\/Screenshot-2025-08-01-at-11.07.17-200x122.png 200w, https:\/\/www.naturemweltasbl.lu\/wp-content\/uploads\/2025\/08\/Screenshot-2025-08-01-at-11.07.17-400x244.png 400w, https:\/\/www.naturemweltasbl.lu\/wp-content\/uploads\/2025\/08\/Screenshot-2025-08-01-at-11.07.17-600x366.png 600w, https:\/\/www.naturemweltasbl.lu\/wp-content\/uploads\/2025\/08\/Screenshot-2025-08-01-at-11.07.17-800x488.png 800w, https:\/\/www.naturemweltasbl.lu\/wp-content\/uploads\/2025\/08\/Screenshot-2025-08-01-at-11.07.17-1200x732.png 1200w, https:\/\/www.naturemweltasbl.lu\/wp-content\/uploads\/2025\/08\/Screenshot-2025-08-01-at-11.07.17.png 1752w\" sizes=\"(max-width: 640px) 100vw, 600px\" \/><\/span><\/div><\/div><\/div><div class=\"fusion-layout-column fusion_builder_column fusion-builder-column-1 fusion_builder_column_1_2 1_2 fusion-flex-column\" style=\"--awb-bg-size:cover;--awb-width-large:50%;--awb-margin-top-large:0px;--awb-spacing-right-large:3.84%;--awb-margin-bottom-large:20px;--awb-spacing-left-large:3.84%;--awb-width-medium:50%;--awb-order-medium:0;--awb-spacing-right-medium:3.84%;--awb-spacing-left-medium:3.84%;--awb-width-small:100%;--awb-order-small:0;--awb-spacing-right-small:1.92%;--awb-spacing-left-small:1.92%;\"><div class=\"fusion-column-wrapper fusion-column-has-shadow fusion-flex-justify-content-flex-start fusion-content-layout-column\"><div class=\"fusion-title title fusion-title-1 fusion-sep-none fusion-title-text fusion-title-size-four\" style=\"--awb-margin-top-small:10px;--awb-margin-right-small:0px;--awb-margin-bottom-small:10px;--awb-margin-left-small:0px;\"><h4 class=\"fusion-title-heading title-heading-left\" style=\"margin:0;\">Kontakt<\/h4><\/div><div class=\"fusion-separator\" style=\"align-self: flex-start;margin-right:auto;margin-bottom:20px;width:100%;max-width:70px;\"><div class=\"fusion-separator-border sep-single sep-solid\" style=\"--awb-height:20px;--awb-amount:20px;border-color:var(--awb-color3);border-top-width:2px;\"><\/div><\/div><div class=\"fusion-text fusion-text-1\"><p>MEVIS Lieke<br \/>\n<a href=\"mailto:l.mevis@naturemwelt.lu\">l.mevis@naturemwelt.lu<\/a><\/p>\n<h4 class=\"fusion-title-heading title-heading-center fusion-responsive-typography-calculated\" data-fontsize=\"24.000002\" data-lineheight=\"28.800003px\">HOTLINE CONSEIL GU\u00caPES<\/h4>\n<p>(+352) 29 04 04 \u2013 344<\/p>\n<\/div><\/div><\/div><\/div><\/div><div class=\"fusion-fullwidth fullwidth-box fusion-builder-row-2 fusion-flex-container has-pattern-background has-mask-background nonhundred-percent-fullwidth non-hundred-percent-height-scrolling\" style=\"--awb-border-radius-top-left:0px;--awb-border-radius-top-right:0px;--awb-border-radius-bottom-right:0px;--awb-border-radius-bottom-left:0px;--awb-margin-top:50px;--awb-flex-wrap:wrap;\" ><div class=\"fusion-builder-row fusion-row fusion-flex-align-items-flex-start fusion-flex-content-wrap\" style=\"max-width:1248px;margin-left: calc(-4% \/ 2 );margin-right: calc(-4% \/ 2 );\"><div class=\"fusion-layout-column fusion_builder_column fusion-builder-column-2 fusion_builder_column_1_1 1_1 fusion-flex-column\" style=\"--awb-bg-size:cover;--awb-width-large:100%;--awb-margin-top-large:0px;--awb-spacing-right-large:1.92%;--awb-margin-bottom-large:20px;--awb-spacing-left-large:1.92%;--awb-width-medium:100%;--awb-order-medium:0;--awb-spacing-right-medium:1.92%;--awb-spacing-left-medium:1.92%;--awb-width-small:100%;--awb-order-small:0;--awb-spacing-right-small:1.92%;--awb-spacing-left-small:1.92%;\"><div class=\"fusion-column-wrapper fusion-column-has-shadow fusion-flex-justify-content-flex-start fusion-content-layout-column\"><div class=\"fusion-text fusion-text-2\"><h3 data-start=\"133\" data-end=\"462\"><strong style=\"font-size: 16px;\">Projektzusammenfassung<\/strong><\/h3>\n<p>Die Gemeinde Bettemburg plant in ihren f\u00fcnf Ortschaften sowie im <strong>Parc Merveilleux<\/strong> die Umsetzung eines mehrj\u00e4hrigen Projekts, das den best\u00e4ubenden Insekten gewidmet ist. Ziel ist es, ihre wesentliche Rolle in den \u00d6kosystemen zu unterst\u00fctzen, indem neue Lebensr\u00e4ume geschaffen werden, um so einen positiven Beitrag zur lokalen Biodiversit\u00e4t zu leisten.<\/p>\n<p>Im Rahmen des Projektaufrufs \u201ePollinisateurs 2023\u201c, der am 1. September 2023 vom Ministerium f\u00fcr Umwelt, Klima und nachhaltige Entwicklung gestartet wurde, reicht die Gemeinde einen F\u00f6rderantrag f\u00fcr dieses Projekt ein.<\/p>\n<p>Im Parc Merveilleux wird ein thematischer Rundweg eingerichtet, um insbesondere junge Besucher f\u00fcr die Bedeutung der Best\u00e4uber zu sensibilisieren. Dieser Rundweg behandelt Best\u00e4uber im Allgemeinen sowie Bienen und Wespen im Besonderen. Es werden standortangepasste, biologische Staudenpflanzungen angelegt, die den Insekten zugutekommen und das Nahrungsangebot erweitern. Informationstafeln in verst\u00e4ndlicher Sprache erl\u00e4utern zudem das richtige Verhalten im Umgang mit Wespen in Gastronomiebereichen. Erg\u00e4nzend werden Pilotma\u00dfnahmen zur Ablenkungsf\u00fctterung umgesetzt, um die Anwesenheit von Wespen in Besuchern\u00e4he zu reduzieren, ohne ihnen zu schaden.<\/p>\n<p>Mit einem Besucherrekord von fast 290.000 im Jahr 2023 z\u00e4hlt der Parc Merveilleux zu den meistbesuchten touristischen Attraktionen in Luxemburg und der Gro\u00dfregion. Das Projekt erm\u00f6glicht es somit, ein breites Publikum zu erreichen und das Bewusstsein f\u00fcr die Rolle der Best\u00e4uber zu st\u00e4rken.<\/p>\n<p>Au\u00dferhalb des Parks wird die Gemeinde Insektenhotels und weitere Niststrukturen in urbanen Bereichen installieren, um das Angebot an Lebensr\u00e4umen f\u00fcr Best\u00e4uber und andere Insekten zu verbessern. Eine wissenschaftliche Begleitung (Monitoring) wird sowohl f\u00fcr diese Installationen als auch f\u00fcr die Ablenkungsma\u00dfnahmen im Park sichergestellt, um Daten zur Artenvielfalt in Bettemburg zu erheben.<\/p>\n<p>Dar\u00fcber hinaus plant die Gemeinde die Anschaffung eines mobilen Beobachtungsstands, der in Schulen und anderen Bildungseinrichtungen eingesetzt werden soll. Dieses Instrument f\u00f6rdert die Vermittlung von Wissen \u00fcber die \u00f6kologische Bedeutung der Best\u00e4uber und ihre zentrale Rolle in den \u00d6kosystemen.<\/p>\n<p>Das gesamte Projekt basiert auf einem nachhaltigen Ansatz. Die Installationen sind auf Langlebigkeit ausgelegt, und ihre Wartung wird langfristig von der Gemeinde Bettemburg und dem Parc Merveilleux finanziert.<\/p>\n<p>Das Projekt wird in Zusammenarbeit zwischen der Gemeinde Bettemburg, dem Parc Merveilleux und natur&amp;\u00ebmwelt umgesetzt, die sich in einer eigenen Arbeitsgruppe zusammengeschlossen haben. Die Ausarbeitung der technischen Unterlagen f\u00fcr diesen Projektaufruf erfolgte mit Unterst\u00fctzung des B\u00fcros LSC Environmental Engineering (LSC ENV).<\/p>\n<\/div><\/div><\/div><\/div><\/div><div class=\"fusion-fullwidth fullwidth-box fusion-builder-row-3 fusion-flex-container has-pattern-background has-mask-background nonhundred-percent-fullwidth non-hundred-percent-height-scrolling\" style=\"--awb-border-radius-top-left:0px;--awb-border-radius-top-right:0px;--awb-border-radius-bottom-right:0px;--awb-border-radius-bottom-left:0px;--awb-flex-wrap:wrap;\" ><div class=\"fusion-builder-row fusion-row fusion-flex-align-items-flex-start fusion-flex-content-wrap\" style=\"max-width:1248px;margin-left: calc(-4% \/ 2 );margin-right: calc(-4% \/ 2 );\"><div class=\"fusion-layout-column fusion_builder_column fusion-builder-column-3 fusion_builder_column_1_1 1_1 fusion-flex-column\" style=\"--awb-bg-size:cover;--awb-width-large:100%;--awb-margin-top-large:0px;--awb-spacing-right-large:1.92%;--awb-margin-bottom-large:20px;--awb-spacing-left-large:1.92%;--awb-width-medium:100%;--awb-order-medium:0;--awb-spacing-right-medium:1.92%;--awb-spacing-left-medium:1.92%;--awb-width-small:100%;--awb-order-small:0;--awb-spacing-right-small:1.92%;--awb-spacing-left-small:1.92%;\" data-scroll-devices=\"small-visibility,medium-visibility,large-visibility\"><div class=\"fusion-column-wrapper fusion-column-has-shadow fusion-flex-justify-content-flex-start fusion-content-layout-column\"><div class=\"fusion-title title fusion-title-2 fusion-sep-none fusion-title-text fusion-title-size-four\" style=\"--awb-margin-top-small:10px;--awb-margin-right-small:0px;--awb-margin-bottom-small:10px;--awb-margin-left-small:0px;\"><h4 class=\"fusion-title-heading title-heading-left\" style=\"margin:0;\"><h4>Alles \u00fcber Wespen<\/h4><\/h4><\/div><div class=\"fusion-builder-row fusion-builder-row-inner fusion-row fusion-flex-align-items-flex-start fusion-flex-content-wrap\" style=\"--awb-flex-grow:0;--awb-flex-grow-medium:0;--awb-flex-grow-small:0;--awb-flex-shrink:0;--awb-flex-shrink-medium:0;--awb-flex-shrink-small:0;width:104% !important;max-width:104% !important;margin-left: calc(-4% \/ 2 );margin-right: calc(-4% \/ 2 );\"><div class=\"fusion-layout-column fusion_builder_column_inner fusion-builder-nested-column-0 fusion_builder_column_inner_1_3 1_3 fusion-flex-column fusion-flex-align-self-stretch\" style=\"--awb-bg-color:var(--awb-custom_color_4);--awb-bg-color-hover:var(--awb-custom_color_4);--awb-bg-size:cover;--awb-box-shadow: 0px 0px ;;--awb-width-large:33.333333333333%;--awb-margin-top-large:0px;--awb-spacing-right-large:5.76%;--awb-margin-bottom-large:20px;--awb-spacing-left-large:5.76%;--awb-width-medium:33.333333333333%;--awb-order-medium:0;--awb-spacing-right-medium:5.76%;--awb-spacing-left-medium:5.76%;--awb-width-small:100%;--awb-order-small:0;--awb-spacing-right-small:1.92%;--awb-spacing-left-small:1.92%;\" data-scroll-devices=\"small-visibility,medium-visibility,large-visibility\"><div class=\"fusion-column-wrapper fusion-column-has-shadow fusion-flex-justify-content-flex-start fusion-content-layout-column\"><div class=\"fusion-image-element \" style=\"--awb-caption-title-font-family:var(--h2_typography-font-family);--awb-caption-title-font-weight:var(--h2_typography-font-weight);--awb-caption-title-font-style:var(--h2_typography-font-style);--awb-caption-title-size:var(--h2_typography-font-size);--awb-caption-title-transform:var(--h2_typography-text-transform);--awb-caption-title-line-height:var(--h2_typography-line-height);--awb-caption-title-letter-spacing:var(--h2_typography-letter-spacing);\"><span class=\" fusion-imageframe imageframe-none imageframe-2 hover-type-zoomin\"><a class=\"fusion-no-lightbox\" href=\"https:\/\/drive.google.com\/drive\/folders\/1q8LkpNWA2x0gVMhQuwLd_yH6CzE2lhZb?usp=sharing\" target=\"_self\" aria-label=\"Screenshot 2026-04-22 at 14.42.15\"><img decoding=\"async\" width=\"398\" height=\"408\" src=\"https:\/\/www.naturemweltasbl.lu\/wp-content\/uploads\/2026\/04\/Screenshot-2026-04-22-at-14.42.15.png\" alt class=\"img-responsive wp-image-10627\" srcset=\"https:\/\/www.naturemweltasbl.lu\/wp-content\/uploads\/2026\/04\/Screenshot-2026-04-22-at-14.42.15-200x205.png 200w, https:\/\/www.naturemweltasbl.lu\/wp-content\/uploads\/2026\/04\/Screenshot-2026-04-22-at-14.42.15.png 398w\" sizes=\"(max-width: 640px) 100vw, 398px\" \/><\/a><\/span><\/div><div class=\"fusion-text fusion-text-3\"><h5 style=\"text-align: center;\">Material des Projekts Best\u00ebbser Parc Merveilleux<\/h5>\n<\/div><\/div><\/div><div class=\"fusion-layout-column fusion_builder_column_inner fusion-builder-nested-column-1 fusion_builder_column_inner_1_3 1_3 fusion-flex-column fusion-flex-align-self-stretch\" style=\"--awb-bg-color:var(--awb-custom_color_4);--awb-bg-color-hover:var(--awb-custom_color_4);--awb-bg-size:cover;--awb-width-large:33.333333333333%;--awb-margin-top-large:0px;--awb-spacing-right-large:5.76%;--awb-margin-bottom-large:20px;--awb-spacing-left-large:5.76%;--awb-width-medium:33.333333333333%;--awb-order-medium:0;--awb-spacing-right-medium:5.76%;--awb-spacing-left-medium:5.76%;--awb-width-small:100%;--awb-order-small:0;--awb-spacing-right-small:1.92%;--awb-spacing-left-small:1.92%;\" data-scroll-devices=\"small-visibility,medium-visibility,large-visibility\"><div class=\"fusion-column-wrapper fusion-column-has-shadow fusion-flex-justify-content-flex-start fusion-content-layout-column\"><div class=\"fusion-image-element \" style=\"--awb-caption-title-font-family:var(--h2_typography-font-family);--awb-caption-title-font-weight:var(--h2_typography-font-weight);--awb-caption-title-font-style:var(--h2_typography-font-style);--awb-caption-title-size:var(--h2_typography-font-size);--awb-caption-title-transform:var(--h2_typography-text-transform);--awb-caption-title-line-height:var(--h2_typography-line-height);--awb-caption-title-letter-spacing:var(--h2_typography-letter-spacing);\"><span class=\" fusion-imageframe imageframe-none imageframe-3 hover-type-zoomin\"><a class=\"fusion-no-lightbox\" href=\"https:\/\/drive.google.com\/drive\/folders\/1a68mBeLLdF27hsHifPVqmTywuln_qwBk?usp=sharing\" target=\"_self\" aria-label=\"Screenshot 2026-04-22 at 14.42.50\"><img decoding=\"async\" width=\"394\" height=\"404\" src=\"https:\/\/www.naturemweltasbl.lu\/wp-content\/uploads\/2026\/04\/Screenshot-2026-04-22-at-14.42.50.png\" alt class=\"img-responsive wp-image-10631\" srcset=\"https:\/\/www.naturemweltasbl.lu\/wp-content\/uploads\/2026\/04\/Screenshot-2026-04-22-at-14.42.50-200x205.png 200w, https:\/\/www.naturemweltasbl.lu\/wp-content\/uploads\/2026\/04\/Screenshot-2026-04-22-at-14.42.50.png 394w\" sizes=\"(max-width: 640px) 100vw, 394px\" \/><\/a><\/span><\/div><div class=\"fusion-text fusion-text-4\"><h5 style=\"text-align: center;\">Bastel- &amp; Quiz-Ecke f\u00fcr Kinder<\/h5>\n<\/div><\/div><\/div><div class=\"fusion-layout-column fusion_builder_column_inner fusion-builder-nested-column-2 fusion_builder_column_inner_1_3 1_3 fusion-flex-column fusion-flex-align-self-stretch\" style=\"--awb-bg-color:var(--awb-color4);--awb-bg-color-hover:var(--awb-color4);--awb-bg-size:cover;--awb-box-shadow: 0px 0px ;;--awb-width-large:33.333333333333%;--awb-margin-top-large:0px;--awb-spacing-right-large:5.76%;--awb-margin-bottom-large:20px;--awb-spacing-left-large:5.76%;--awb-width-medium:33.333333333333%;--awb-order-medium:0;--awb-spacing-right-medium:5.76%;--awb-spacing-left-medium:5.76%;--awb-width-small:100%;--awb-order-small:0;--awb-spacing-right-small:1.92%;--awb-spacing-left-small:1.92%;\" data-scroll-devices=\"small-visibility,medium-visibility,large-visibility\"><div class=\"fusion-column-wrapper fusion-column-has-shadow fusion-flex-justify-content-flex-start fusion-content-layout-column\"><div class=\"fusion-image-element \" style=\"--awb-caption-title-font-family:var(--h2_typography-font-family);--awb-caption-title-font-weight:var(--h2_typography-font-weight);--awb-caption-title-font-style:var(--h2_typography-font-style);--awb-caption-title-size:var(--h2_typography-font-size);--awb-caption-title-transform:var(--h2_typography-text-transform);--awb-caption-title-line-height:var(--h2_typography-line-height);--awb-caption-title-letter-spacing:var(--h2_typography-letter-spacing);\"><span class=\" fusion-imageframe imageframe-none imageframe-4 hover-type-zoomin\"><a class=\"fusion-no-lightbox\" href=\"https:\/\/www.naturemweltasbl.lu\/faq-fr\/\" target=\"_self\" aria-label=\"Screenshot 2026-04-22 at 14.41.49\"><img decoding=\"async\" width=\"400\" height=\"410\" src=\"https:\/\/www.naturemweltasbl.lu\/wp-content\/uploads\/2026\/04\/Screenshot-2026-04-22-at-14.41.49.png\" alt class=\"img-responsive wp-image-10625\" srcset=\"https:\/\/www.naturemweltasbl.lu\/wp-content\/uploads\/2026\/04\/Screenshot-2026-04-22-at-14.41.49-200x205.png 200w, https:\/\/www.naturemweltasbl.lu\/wp-content\/uploads\/2026\/04\/Screenshot-2026-04-22-at-14.41.49.png 400w\" sizes=\"(max-width: 640px) 100vw, 400px\" \/><\/a><\/span><\/div><div class=\"fusion-text fusion-text-5\"><h5 style=\"text-align: center;\">F.A.Q.<\/h5>\n<\/div><\/div><\/div><div class=\"fusion-layout-column fusion_builder_column_inner fusion-builder-nested-column-3 fusion_builder_column_inner_1_3 1_3 fusion-flex-column fusion-flex-align-self-stretch\" style=\"--awb-bg-color:var(--awb-color4);--awb-bg-color-hover:var(--awb-color4);--awb-bg-size:cover;--awb-width-large:33.333333333333%;--awb-margin-top-large:0px;--awb-spacing-right-large:5.76%;--awb-margin-bottom-large:20px;--awb-spacing-left-large:5.76%;--awb-width-medium:33.333333333333%;--awb-order-medium:0;--awb-spacing-right-medium:5.76%;--awb-spacing-left-medium:5.76%;--awb-width-small:100%;--awb-order-small:0;--awb-spacing-right-small:1.92%;--awb-spacing-left-small:1.92%;\" data-scroll-devices=\"small-visibility,medium-visibility,large-visibility\"><div class=\"fusion-column-wrapper fusion-column-has-shadow fusion-flex-justify-content-flex-start fusion-content-layout-column\"><div class=\"fusion-image-element \" style=\"--awb-caption-title-font-family:var(--h2_typography-font-family);--awb-caption-title-font-weight:var(--h2_typography-font-weight);--awb-caption-title-font-style:var(--h2_typography-font-style);--awb-caption-title-size:var(--h2_typography-font-size);--awb-caption-title-transform:var(--h2_typography-text-transform);--awb-caption-title-line-height:var(--h2_typography-line-height);--awb-caption-title-letter-spacing:var(--h2_typography-letter-spacing);\"><span class=\" fusion-imageframe imageframe-none imageframe-5 hover-type-zoomin\"><a class=\"fusion-no-lightbox\" href=\"https:\/\/www.naturemweltasbl.lu\/\/wp-content\/uploads\/2024\/07\/GUEPES-FR.pdf\" target=\"_self\" aria-label=\"Screenshot 2026-04-22 at 14.42.38\"><img decoding=\"async\" width=\"408\" height=\"408\" src=\"https:\/\/www.naturemweltasbl.lu\/wp-content\/uploads\/2026\/04\/Screenshot-2026-04-22-at-14.42.38.png\" alt class=\"img-responsive wp-image-10629\" srcset=\"https:\/\/www.naturemweltasbl.lu\/wp-content\/uploads\/2026\/04\/Screenshot-2026-04-22-at-14.42.38-200x200.png 200w, https:\/\/www.naturemweltasbl.lu\/wp-content\/uploads\/2026\/04\/Screenshot-2026-04-22-at-14.42.38-400x400.png 400w, https:\/\/www.naturemweltasbl.lu\/wp-content\/uploads\/2026\/04\/Screenshot-2026-04-22-at-14.42.38.png 408w\" sizes=\"(max-width: 640px) 100vw, 400px\" \/><\/a><\/span><\/div><div class=\"fusion-text fusion-text-6\"><h5 style=\"text-align: center;\">Wespen-Tipps und Informationsflyer von natur&amp;\u00ebmwelt<\/h5>\n<\/div><\/div><\/div><div class=\"fusion-layout-column fusion_builder_column_inner fusion-builder-nested-column-4 fusion_builder_column_inner_1_3 1_3 fusion-flex-column fusion-flex-align-self-stretch\" style=\"--awb-bg-color:var(--awb-color4);--awb-bg-color-hover:var(--awb-color4);--awb-bg-size:cover;--awb-width-large:33.333333333333%;--awb-margin-top-large:0px;--awb-spacing-right-large:5.76%;--awb-margin-bottom-large:20px;--awb-spacing-left-large:5.76%;--awb-width-medium:33.333333333333%;--awb-order-medium:0;--awb-spacing-right-medium:5.76%;--awb-spacing-left-medium:5.76%;--awb-width-small:100%;--awb-order-small:0;--awb-spacing-right-small:1.92%;--awb-spacing-left-small:1.92%;\" data-scroll-devices=\"small-visibility,medium-visibility,large-visibility\"><div class=\"fusion-column-wrapper fusion-column-has-shadow fusion-flex-justify-content-flex-start fusion-content-layout-column\"><div class=\"fusion-image-element \" style=\"--awb-caption-title-font-family:var(--h2_typography-font-family);--awb-caption-title-font-weight:var(--h2_typography-font-weight);--awb-caption-title-font-style:var(--h2_typography-font-style);--awb-caption-title-size:var(--h2_typography-font-size);--awb-caption-title-transform:var(--h2_typography-text-transform);--awb-caption-title-line-height:var(--h2_typography-line-height);--awb-caption-title-letter-spacing:var(--h2_typography-letter-spacing);\"><span class=\" fusion-imageframe imageframe-none imageframe-6 hover-type-zoomin\"><a class=\"fusion-no-lightbox\" href=\"https:\/\/www.naturemweltasbl.lu\/comprendre-les-guepes\/\" target=\"_self\" aria-label=\"Screenshot 2026-04-22 at 14.43.05\"><img decoding=\"async\" width=\"398\" height=\"402\" src=\"https:\/\/www.naturemweltasbl.lu\/wp-content\/uploads\/2026\/04\/Screenshot-2026-04-22-at-14.43.05.png\" alt class=\"img-responsive wp-image-10633\" srcset=\"https:\/\/www.naturemweltasbl.lu\/wp-content\/uploads\/2026\/04\/Screenshot-2026-04-22-at-14.43.05-200x202.png 200w, https:\/\/www.naturemweltasbl.lu\/wp-content\/uploads\/2026\/04\/Screenshot-2026-04-22-at-14.43.05.png 398w\" sizes=\"(max-width: 640px) 100vw, 398px\" \/><\/a><\/span><\/div><div class=\"fusion-text fusion-text-7\"><h5 style=\"text-align: center;\">Pixibuch von natur&amp;\u00ebmwelt<\/h5>\n<\/div><\/div><\/div><div class=\"fusion-layout-column fusion_builder_column_inner fusion-builder-nested-column-5 fusion_builder_column_inner_1_3 1_3 fusion-flex-column fusion-flex-align-self-stretch\" style=\"--awb-bg-color:var(--awb-color4);--awb-bg-color-hover:var(--awb-color4);--awb-bg-size:cover;--awb-width-large:33.333333333333%;--awb-margin-top-large:0px;--awb-spacing-right-large:5.76%;--awb-margin-bottom-large:20px;--awb-spacing-left-large:5.76%;--awb-width-medium:33.333333333333%;--awb-order-medium:0;--awb-spacing-right-medium:5.76%;--awb-spacing-left-medium:5.76%;--awb-width-small:100%;--awb-order-small:0;--awb-spacing-right-small:1.92%;--awb-spacing-left-small:1.92%;\" data-scroll-devices=\"small-visibility,medium-visibility,large-visibility\"><div class=\"fusion-column-wrapper fusion-column-has-shadow fusion-flex-justify-content-flex-start fusion-content-layout-column\"><div class=\"fusion-image-element \" style=\"--awb-caption-title-font-family:var(--h2_typography-font-family);--awb-caption-title-font-weight:var(--h2_typography-font-weight);--awb-caption-title-font-style:var(--h2_typography-font-style);--awb-caption-title-size:var(--h2_typography-font-size);--awb-caption-title-transform:var(--h2_typography-text-transform);--awb-caption-title-line-height:var(--h2_typography-line-height);--awb-caption-title-letter-spacing:var(--h2_typography-letter-spacing);\"><span class=\" fusion-imageframe imageframe-none imageframe-7 hover-type-zoomin\"><a class=\"fusion-no-lightbox\" href=\"https:\/\/drive.google.com\/drive\/folders\/1Wk6FXdghOPhd9SUJVoTMQox6o05I0KG2\" target=\"_self\" aria-label=\"Screenshot 2026-04-22 at 14.43.19\"><img decoding=\"async\" width=\"300\" height=\"300\" src=\"https:\/\/www.naturemweltasbl.lu\/wp-content\/uploads\/2026\/04\/Screenshot-2026-04-22-at-14.43.19-300x300.png\" alt class=\"img-responsive wp-image-10635\" srcset=\"https:\/\/www.naturemweltasbl.lu\/wp-content\/uploads\/2026\/04\/Screenshot-2026-04-22-at-14.43.19-200x200.png 200w, https:\/\/www.naturemweltasbl.lu\/wp-content\/uploads\/2026\/04\/Screenshot-2026-04-22-at-14.43.19-400x398.png 400w, https:\/\/www.naturemweltasbl.lu\/wp-content\/uploads\/2026\/04\/Screenshot-2026-04-22-at-14.43.19.png 408w\" sizes=\"(max-width: 640px) 100vw, 400px\" \/><\/a><\/span><\/div><div class=\"fusion-text fusion-text-8\"><h5 style=\"text-align: center;\">P\u00e4dagogisches Dossier von natur&amp;\u00ebmwelt<\/h5>\n<\/div><\/div><\/div><\/div><div class=\"fusion-separator fusion-full-width-sep\" style=\"align-self: center;margin-left: auto;margin-right: auto;margin-top:20px;margin-bottom:40px;width:100%;\"><div class=\"fusion-separator-border sep-double\" style=\"--awb-height:20px;--awb-amount:20px;border-color:var(--awb-color3);border-top-width:2px;border-bottom-width:2px;\"><\/div><\/div><\/div><\/div><\/div><\/div><div class=\"fusion-fullwidth fullwidth-box fusion-builder-row-4 fusion-flex-container has-pattern-background has-mask-background nonhundred-percent-fullwidth non-hundred-percent-height-scrolling\" style=\"--awb-border-radius-top-left:0px;--awb-border-radius-top-right:0px;--awb-border-radius-bottom-right:0px;--awb-border-radius-bottom-left:0px;--awb-flex-wrap:wrap;\" ><div class=\"fusion-builder-row fusion-row fusion-flex-align-items-flex-start fusion-flex-content-wrap\" style=\"max-width:1248px;margin-left: calc(-4% \/ 2 );margin-right: calc(-4% \/ 2 );\"><div class=\"fusion-layout-column fusion_builder_column fusion-builder-column-4 fusion_builder_column_1_2 1_2 fusion-flex-column\" style=\"--awb-bg-size:cover;--awb-width-large:50%;--awb-margin-top-large:0px;--awb-spacing-right-large:3.84%;--awb-margin-bottom-large:20px;--awb-spacing-left-large:3.84%;--awb-width-medium:50%;--awb-order-medium:0;--awb-spacing-right-medium:3.84%;--awb-spacing-left-medium:3.84%;--awb-width-small:100%;--awb-order-small:0;--awb-spacing-right-small:1.92%;--awb-spacing-left-small:1.92%;\"><div class=\"fusion-column-wrapper fusion-column-has-shadow fusion-flex-justify-content-flex-start fusion-content-layout-column\"><div class=\"fusion-image-element \" style=\"--awb-caption-title-font-family:var(--h2_typography-font-family);--awb-caption-title-font-weight:var(--h2_typography-font-weight);--awb-caption-title-font-style:var(--h2_typography-font-style);--awb-caption-title-size:var(--h2_typography-font-size);--awb-caption-title-transform:var(--h2_typography-text-transform);--awb-caption-title-line-height:var(--h2_typography-line-height);--awb-caption-title-letter-spacing:var(--h2_typography-letter-spacing);\"><span class=\" fusion-imageframe imageframe-none imageframe-8 hover-type-none\"><a class=\"fusion-no-lightbox\" href=\"https:\/\/mecb.gouvernement.lu\/fr.html\" target=\"_blank\" aria-label=\"GOUV_Minist\u00e8re_de_l\u2019Environnement,_du_Climat__et_de_la_Biodiversit\u00e9_Rouge\" rel=\"noopener noreferrer\"><img decoding=\"async\" width=\"1024\" height=\"269\" src=\"https:\/\/www.naturemweltasbl.lu\/wp-content\/uploads\/2025\/08\/GOUV_Ministere_de_lEnvironnement_du_Climat__et_de_la_Biodiversite_Rouge-1024x269.png\" alt class=\"img-responsive wp-image-7467\" srcset=\"https:\/\/www.naturemweltasbl.lu\/wp-content\/uploads\/2025\/08\/GOUV_Ministere_de_lEnvironnement_du_Climat__et_de_la_Biodiversite_Rouge-200x53.png 200w, https:\/\/www.naturemweltasbl.lu\/wp-content\/uploads\/2025\/08\/GOUV_Ministere_de_lEnvironnement_du_Climat__et_de_la_Biodiversite_Rouge-400x105.png 400w, https:\/\/www.naturemweltasbl.lu\/wp-content\/uploads\/2025\/08\/GOUV_Ministere_de_lEnvironnement_du_Climat__et_de_la_Biodiversite_Rouge-600x158.png 600w, https:\/\/www.naturemweltasbl.lu\/wp-content\/uploads\/2025\/08\/GOUV_Ministere_de_lEnvironnement_du_Climat__et_de_la_Biodiversite_Rouge-800x210.png 800w, https:\/\/www.naturemweltasbl.lu\/wp-content\/uploads\/2025\/08\/GOUV_Ministere_de_lEnvironnement_du_Climat__et_de_la_Biodiversite_Rouge-1200x316.png 1200w\" sizes=\"(max-width: 640px) 100vw, 600px\" \/><\/a><\/span><\/div><\/div><\/div><div class=\"fusion-layout-column fusion_builder_column fusion-builder-column-5 fusion_builder_column_1_2 1_2 fusion-flex-column\" style=\"--awb-bg-size:cover;--awb-width-large:50%;--awb-margin-top-large:0px;--awb-spacing-right-large:3.84%;--awb-margin-bottom-large:20px;--awb-spacing-left-large:3.84%;--awb-width-medium:50%;--awb-order-medium:0;--awb-spacing-right-medium:3.84%;--awb-spacing-left-medium:3.84%;--awb-width-small:100%;--awb-order-small:0;--awb-spacing-right-small:1.92%;--awb-spacing-left-small:1.92%;\"><div class=\"fusion-column-wrapper fusion-column-has-shadow fusion-flex-justify-content-flex-start fusion-content-layout-column\"><div class=\"fusion-image-element \" style=\"--awb-caption-title-font-family:var(--h2_typography-font-family);--awb-caption-title-font-weight:var(--h2_typography-font-weight);--awb-caption-title-font-style:var(--h2_typography-font-style);--awb-caption-title-size:var(--h2_typography-font-size);--awb-caption-title-transform:var(--h2_typography-text-transform);--awb-caption-title-line-height:var(--h2_typography-line-height);--awb-caption-title-letter-spacing:var(--h2_typography-letter-spacing);\"><span class=\" fusion-imageframe imageframe-none imageframe-9 hover-type-none\"><a class=\"fusion-no-lightbox\" href=\"https:\/\/bettembourg.lu\" target=\"_blank\" aria-label=\"Screenshot 2025-08-01 at 11.28.05\" rel=\"noopener noreferrer\"><img decoding=\"async\" width=\"456\" height=\"204\" src=\"https:\/\/www.naturemweltasbl.lu\/wp-content\/uploads\/2025\/08\/Screenshot-2025-08-01-at-11.28.05.png\" alt class=\"img-responsive wp-image-7474\" srcset=\"https:\/\/www.naturemweltasbl.lu\/wp-content\/uploads\/2025\/08\/Screenshot-2025-08-01-at-11.28.05-200x89.png 200w, https:\/\/www.naturemweltasbl.lu\/wp-content\/uploads\/2025\/08\/Screenshot-2025-08-01-at-11.28.05-400x179.png 400w, https:\/\/www.naturemweltasbl.lu\/wp-content\/uploads\/2025\/08\/Screenshot-2025-08-01-at-11.28.05.png 456w\" sizes=\"(max-width: 640px) 100vw, 456px\" \/><\/a><\/span><\/div><\/div><\/div><\/div><\/div><div class=\"fusion-fullwidth fullwidth-box fusion-builder-row-5 fusion-flex-container has-pattern-background has-mask-background nonhundred-percent-fullwidth non-hundred-percent-height-scrolling\" style=\"--awb-border-radius-top-left:0px;--awb-border-radius-top-right:0px;--awb-border-radius-bottom-right:0px;--awb-border-radius-bottom-left:0px;--awb-flex-wrap:wrap;\" ><div class=\"fusion-builder-row fusion-row fusion-flex-align-items-flex-start fusion-flex-content-wrap\" style=\"max-width:1248px;margin-left: calc(-4% \/ 2 );margin-right: calc(-4% \/ 2 );\"><div class=\"fusion-layout-column fusion_builder_column fusion-builder-column-6 fusion_builder_column_1_1 1_1 fusion-flex-column\" style=\"--awb-bg-size:cover;--awb-width-large:100%;--awb-margin-top-large:0px;--awb-spacing-right-large:1.92%;--awb-margin-bottom-large:20px;--awb-spacing-left-large:1.92%;--awb-width-medium:100%;--awb-order-medium:0;--awb-spacing-right-medium:1.92%;--awb-spacing-left-medium:1.92%;--awb-width-small:100%;--awb-order-small:0;--awb-spacing-right-small:1.92%;--awb-spacing-left-small:1.92%;\"><div class=\"fusion-column-wrapper fusion-column-has-shadow fusion-flex-justify-content-flex-start fusion-content-layout-column\"><\/div><\/div><\/div><\/div><\/p>\n","protected":false},"excerpt":{"rendered":"<p>La commune de Bettembourg lance un projet pluriannuel d\u00e9di\u00e9 aux insectes pollinisateurs, visant \u00e0 renforcer la biodiversit\u00e9 locale par la cr\u00e9ation d\u2019habitats et des actions de sensibilisation. Au Parc Merveilleux, [&#8230;]<\/p>\n","protected":false},"author":6,"featured_media":7461,"comment_status":"closed","ping_status":"open","sticky":false,"template":"","format":"standard","meta":{"footnotes":""},"categories":[194],"tags":[],"post_folder":[209],"class_list":["post-10700","post","type-post","status-publish","format-standard","has-post-thumbnail","hentry","category-projets-de"],"yoast_head":"<!-- This site is optimized with the Yoast SEO plugin v27.4 - https:\/\/yoast.com\/product\/yoast-seo-wordpress\/ -->\n<title>Best\u00ebbser Parc Merveilleux - natur&amp;\u00ebmwelt a.s.b.l.<\/title>\n<meta name=\"robots\" content=\"index, follow, max-snippet:-1, max-image-preview:large, max-video-preview:-1\" \/>\n<link rel=\"canonical\" href=\"https:\/\/www.naturemweltasbl.lu\/de\/bestebser-parc-merveilleux\/\" \/>\n<meta property=\"og:locale\" content=\"de_DE\" \/>\n<meta property=\"og:type\" content=\"article\" \/>\n<meta property=\"og:title\" content=\"Best\u00ebbser Parc Merveilleux - natur&amp;\u00ebmwelt a.s.b.l.\" \/>\n<meta property=\"og:description\" content=\"La commune de Bettembourg lance un projet pluriannuel d\u00e9di\u00e9 aux insectes pollinisateurs, visant \u00e0 renforcer la biodiversit\u00e9 locale par la cr\u00e9ation d\u2019habitats et des actions de sensibilisation. Au Parc Merveilleux, [...]\" \/>\n<meta property=\"og:url\" content=\"https:\/\/www.naturemweltasbl.lu\/de\/bestebser-parc-merveilleux\/\" \/>\n<meta property=\"og:site_name\" content=\"natur&amp;\u00ebmwelt a.s.b.l.\" \/>\n<meta property=\"article:publisher\" content=\"https:\/\/www.facebook.com\/naturemwelt\/\" \/>\n<meta property=\"article:published_time\" content=\"2026-04-23T09:28:47+00:00\" \/>\n<meta property=\"article:modified_time\" content=\"2026-04-28T07:48:28+00:00\" \/>\n<meta property=\"og:image\" content=\"https:\/\/www.naturemweltasbl.lu\/wp-content\/uploads\/2025\/08\/Screenshot-2025-08-01-at-11.07.17.png\" \/>\n\t<meta property=\"og:image:width\" content=\"1752\" \/>\n\t<meta property=\"og:image:height\" content=\"1068\" \/>\n\t<meta property=\"og:image:type\" content=\"image\/png\" \/>\n<meta name=\"author\" content=\"Sarah\" \/>\n<meta name=\"twitter:card\" content=\"summary_large_image\" \/>\n<meta name=\"twitter:creator\" content=\"@Natur_an_Emwelt\" \/>\n<meta name=\"twitter:site\" content=\"@Natur_an_Emwelt\" \/>\n<meta name=\"twitter:label1\" content=\"Verfasst von\" \/>\n\t<meta name=\"twitter:data1\" content=\"Sarah\" \/>\n\t<meta name=\"twitter:label2\" content=\"Gesch\u00e4tzte Lesezeit\" \/>\n\t<meta name=\"twitter:data2\" content=\"4\u00a0Minuten\" \/>\n<script type=\"application\/ld+json\" class=\"yoast-schema-graph\">{\"@context\":\"https:\\\/\\\/schema.org\",\"@graph\":[{\"@type\":\"Article\",\"@id\":\"https:\\\/\\\/www.naturemweltasbl.lu\\\/de\\\/bestebser-parc-merveilleux\\\/#article\",\"isPartOf\":{\"@id\":\"https:\\\/\\\/www.naturemweltasbl.lu\\\/de\\\/bestebser-parc-merveilleux\\\/\"},\"author\":{\"name\":\"Sarah\",\"@id\":\"https:\\\/\\\/www.naturemweltasbl.lu\\\/#\\\/schema\\\/person\\\/780c0c42916c8bfd5f0ae43ce4f0e27d\"},\"headline\":\"Best\u00ebbser Parc Merveilleux\",\"datePublished\":\"2026-04-23T09:28:47+00:00\",\"dateModified\":\"2026-04-28T07:48:28+00:00\",\"mainEntityOfPage\":{\"@id\":\"https:\\\/\\\/www.naturemweltasbl.lu\\\/de\\\/bestebser-parc-merveilleux\\\/\"},\"wordCount\":13178,\"publisher\":{\"@id\":\"https:\\\/\\\/www.naturemweltasbl.lu\\\/#organization\"},\"image\":{\"@id\":\"https:\\\/\\\/www.naturemweltasbl.lu\\\/de\\\/bestebser-parc-merveilleux\\\/#primaryimage\"},\"thumbnailUrl\":\"https:\\\/\\\/www.naturemweltasbl.lu\\\/wp-content\\\/uploads\\\/2025\\\/08\\\/Screenshot-2025-08-01-at-11.07.17.png\",\"articleSection\":[\"Projekte\"],\"inLanguage\":\"de\"},{\"@type\":\"WebPage\",\"@id\":\"https:\\\/\\\/www.naturemweltasbl.lu\\\/de\\\/bestebser-parc-merveilleux\\\/\",\"url\":\"https:\\\/\\\/www.naturemweltasbl.lu\\\/de\\\/bestebser-parc-merveilleux\\\/\",\"name\":\"Best\u00ebbser Parc Merveilleux - natur&amp;\u00ebmwelt a.s.b.l.\",\"isPartOf\":{\"@id\":\"https:\\\/\\\/www.naturemweltasbl.lu\\\/#website\"},\"primaryImageOfPage\":{\"@id\":\"https:\\\/\\\/www.naturemweltasbl.lu\\\/de\\\/bestebser-parc-merveilleux\\\/#primaryimage\"},\"image\":{\"@id\":\"https:\\\/\\\/www.naturemweltasbl.lu\\\/de\\\/bestebser-parc-merveilleux\\\/#primaryimage\"},\"thumbnailUrl\":\"https:\\\/\\\/www.naturemweltasbl.lu\\\/wp-content\\\/uploads\\\/2025\\\/08\\\/Screenshot-2025-08-01-at-11.07.17.png\",\"datePublished\":\"2026-04-23T09:28:47+00:00\",\"dateModified\":\"2026-04-28T07:48:28+00:00\",\"breadcrumb\":{\"@id\":\"https:\\\/\\\/www.naturemweltasbl.lu\\\/de\\\/bestebser-parc-merveilleux\\\/#breadcrumb\"},\"inLanguage\":\"de\",\"potentialAction\":[{\"@type\":\"ReadAction\",\"target\":[\"https:\\\/\\\/www.naturemweltasbl.lu\\\/de\\\/bestebser-parc-merveilleux\\\/\"]}]},{\"@type\":\"ImageObject\",\"inLanguage\":\"de\",\"@id\":\"https:\\\/\\\/www.naturemweltasbl.lu\\\/de\\\/bestebser-parc-merveilleux\\\/#primaryimage\",\"url\":\"https:\\\/\\\/www.naturemweltasbl.lu\\\/wp-content\\\/uploads\\\/2025\\\/08\\\/Screenshot-2025-08-01-at-11.07.17.png\",\"contentUrl\":\"https:\\\/\\\/www.naturemweltasbl.lu\\\/wp-content\\\/uploads\\\/2025\\\/08\\\/Screenshot-2025-08-01-at-11.07.17.png\",\"width\":1752,\"height\":1068},{\"@type\":\"BreadcrumbList\",\"@id\":\"https:\\\/\\\/www.naturemweltasbl.lu\\\/de\\\/bestebser-parc-merveilleux\\\/#breadcrumb\",\"itemListElement\":[{\"@type\":\"ListItem\",\"position\":1,\"name\":\"Startseite\",\"item\":\"https:\\\/\\\/www.naturemweltasbl.lu\\\/de\\\/\"},{\"@type\":\"ListItem\",\"position\":2,\"name\":\"Best\u00ebbser Parc Merveilleux\"}]},{\"@type\":\"WebSite\",\"@id\":\"https:\\\/\\\/www.naturemweltasbl.lu\\\/#website\",\"url\":\"https:\\\/\\\/www.naturemweltasbl.lu\\\/\",\"name\":\"natur&\u00ebmwelt a.s.b.l.\",\"description\":\"\",\"publisher\":{\"@id\":\"https:\\\/\\\/www.naturemweltasbl.lu\\\/#organization\"},\"potentialAction\":[{\"@type\":\"SearchAction\",\"target\":{\"@type\":\"EntryPoint\",\"urlTemplate\":\"https:\\\/\\\/www.naturemweltasbl.lu\\\/?s={search_term_string}\"},\"query-input\":{\"@type\":\"PropertyValueSpecification\",\"valueRequired\":true,\"valueName\":\"search_term_string\"}}],\"inLanguage\":\"de\"},{\"@type\":\"Organization\",\"@id\":\"https:\\\/\\\/www.naturemweltasbl.lu\\\/#organization\",\"name\":\"natur&\u00ebmwelt a.s.b.l.\",\"url\":\"https:\\\/\\\/www.naturemweltasbl.lu\\\/\",\"logo\":{\"@type\":\"ImageObject\",\"inLanguage\":\"de\",\"@id\":\"https:\\\/\\\/www.naturemweltasbl.lu\\\/#\\\/schema\\\/logo\\\/image\\\/\",\"url\":\"https:\\\/\\\/www.naturemweltasbl.lu\\\/wp-content\\\/uploads\\\/2024\\\/07\\\/NE_Logo_asbl_RGB-e1720014142276.png\",\"contentUrl\":\"https:\\\/\\\/www.naturemweltasbl.lu\\\/wp-content\\\/uploads\\\/2024\\\/07\\\/NE_Logo_asbl_RGB-e1720014142276.png\",\"width\":432,\"height\":254,\"caption\":\"natur&\u00ebmwelt a.s.b.l.\"},\"image\":{\"@id\":\"https:\\\/\\\/www.naturemweltasbl.lu\\\/#\\\/schema\\\/logo\\\/image\\\/\"},\"sameAs\":[\"https:\\\/\\\/www.facebook.com\\\/naturemwelt\\\/\",\"https:\\\/\\\/x.com\\\/Natur_an_Emwelt\",\"https:\\\/\\\/www.instagram.com\\\/naturemwelt\\\/\",\"https:\\\/\\\/www.youtube.com\\\/user\\\/naturemwelt\",\"https:\\\/\\\/lu.linkedin.com\\\/company\\\/naturemweltasbl?trk=similar-pages\"]},{\"@type\":\"Person\",\"@id\":\"https:\\\/\\\/www.naturemweltasbl.lu\\\/#\\\/schema\\\/person\\\/780c0c42916c8bfd5f0ae43ce4f0e27d\",\"name\":\"Sarah\",\"image\":{\"@type\":\"ImageObject\",\"inLanguage\":\"de\",\"@id\":\"https:\\\/\\\/secure.gravatar.com\\\/avatar\\\/c9b30b67244b24874d7ecbb12985b1ed2b0864870a6fe430a1b8e64fd5fbf006?s=96&d=mm&r=g\",\"url\":\"https:\\\/\\\/secure.gravatar.com\\\/avatar\\\/c9b30b67244b24874d7ecbb12985b1ed2b0864870a6fe430a1b8e64fd5fbf006?s=96&d=mm&r=g\",\"contentUrl\":\"https:\\\/\\\/secure.gravatar.com\\\/avatar\\\/c9b30b67244b24874d7ecbb12985b1ed2b0864870a6fe430a1b8e64fd5fbf006?s=96&d=mm&r=g\",\"caption\":\"Sarah\"},\"url\":\"https:\\\/\\\/www.naturemweltasbl.lu\\\/de\\\/author\\\/sarah-n-e\\\/\"}]}<\/script>\n<!-- \/ Yoast SEO plugin. -->","yoast_head_json":{"title":"Best\u00ebbser Parc Merveilleux - natur&amp;\u00ebmwelt a.s.b.l.","robots":{"index":"index","follow":"follow","max-snippet":"max-snippet:-1","max-image-preview":"max-image-preview:large","max-video-preview":"max-video-preview:-1"},"canonical":"https:\/\/www.naturemweltasbl.lu\/de\/bestebser-parc-merveilleux\/","og_locale":"de_DE","og_type":"article","og_title":"Best\u00ebbser Parc Merveilleux - natur&amp;\u00ebmwelt a.s.b.l.","og_description":"La commune de Bettembourg lance un projet pluriannuel d\u00e9di\u00e9 aux insectes pollinisateurs, visant \u00e0 renforcer la biodiversit\u00e9 locale par la cr\u00e9ation d\u2019habitats et des actions de sensibilisation. Au Parc Merveilleux, [...]","og_url":"https:\/\/www.naturemweltasbl.lu\/de\/bestebser-parc-merveilleux\/","og_site_name":"natur&amp;\u00ebmwelt a.s.b.l.","article_publisher":"https:\/\/www.facebook.com\/naturemwelt\/","article_published_time":"2026-04-23T09:28:47+00:00","article_modified_time":"2026-04-28T07:48:28+00:00","og_image":[{"width":1752,"height":1068,"url":"https:\/\/www.naturemweltasbl.lu\/wp-content\/uploads\/2025\/08\/Screenshot-2025-08-01-at-11.07.17.png","type":"image\/png"}],"author":"Sarah","twitter_card":"summary_large_image","twitter_creator":"@Natur_an_Emwelt","twitter_site":"@Natur_an_Emwelt","twitter_misc":{"Verfasst von":"Sarah","Gesch\u00e4tzte Lesezeit":"4\u00a0Minuten"},"schema":{"@context":"https:\/\/schema.org","@graph":[{"@type":"Article","@id":"https:\/\/www.naturemweltasbl.lu\/de\/bestebser-parc-merveilleux\/#article","isPartOf":{"@id":"https:\/\/www.naturemweltasbl.lu\/de\/bestebser-parc-merveilleux\/"},"author":{"name":"Sarah","@id":"https:\/\/www.naturemweltasbl.lu\/#\/schema\/person\/780c0c42916c8bfd5f0ae43ce4f0e27d"},"headline":"Best\u00ebbser Parc Merveilleux","datePublished":"2026-04-23T09:28:47+00:00","dateModified":"2026-04-28T07:48:28+00:00","mainEntityOfPage":{"@id":"https:\/\/www.naturemweltasbl.lu\/de\/bestebser-parc-merveilleux\/"},"wordCount":13178,"publisher":{"@id":"https:\/\/www.naturemweltasbl.lu\/#organization"},"image":{"@id":"https:\/\/www.naturemweltasbl.lu\/de\/bestebser-parc-merveilleux\/#primaryimage"},"thumbnailUrl":"https:\/\/www.naturemweltasbl.lu\/wp-content\/uploads\/2025\/08\/Screenshot-2025-08-01-at-11.07.17.png","articleSection":["Projekte"],"inLanguage":"de"},{"@type":"WebPage","@id":"https:\/\/www.naturemweltasbl.lu\/de\/bestebser-parc-merveilleux\/","url":"https:\/\/www.naturemweltasbl.lu\/de\/bestebser-parc-merveilleux\/","name":"Best\u00ebbser Parc Merveilleux - natur&amp;\u00ebmwelt a.s.b.l.","isPartOf":{"@id":"https:\/\/www.naturemweltasbl.lu\/#website"},"primaryImageOfPage":{"@id":"https:\/\/www.naturemweltasbl.lu\/de\/bestebser-parc-merveilleux\/#primaryimage"},"image":{"@id":"https:\/\/www.naturemweltasbl.lu\/de\/bestebser-parc-merveilleux\/#primaryimage"},"thumbnailUrl":"https:\/\/www.naturemweltasbl.lu\/wp-content\/uploads\/2025\/08\/Screenshot-2025-08-01-at-11.07.17.png","datePublished":"2026-04-23T09:28:47+00:00","dateModified":"2026-04-28T07:48:28+00:00","breadcrumb":{"@id":"https:\/\/www.naturemweltasbl.lu\/de\/bestebser-parc-merveilleux\/#breadcrumb"},"inLanguage":"de","potentialAction":[{"@type":"ReadAction","target":["https:\/\/www.naturemweltasbl.lu\/de\/bestebser-parc-merveilleux\/"]}]},{"@type":"ImageObject","inLanguage":"de","@id":"https:\/\/www.naturemweltasbl.lu\/de\/bestebser-parc-merveilleux\/#primaryimage","url":"https:\/\/www.naturemweltasbl.lu\/wp-content\/uploads\/2025\/08\/Screenshot-2025-08-01-at-11.07.17.png","contentUrl":"https:\/\/www.naturemweltasbl.lu\/wp-content\/uploads\/2025\/08\/Screenshot-2025-08-01-at-11.07.17.png","width":1752,"height":1068},{"@type":"BreadcrumbList","@id":"https:\/\/www.naturemweltasbl.lu\/de\/bestebser-parc-merveilleux\/#breadcrumb","itemListElement":[{"@type":"ListItem","position":1,"name":"Startseite","item":"https:\/\/www.naturemweltasbl.lu\/de\/"},{"@type":"ListItem","position":2,"name":"Best\u00ebbser Parc Merveilleux"}]},{"@type":"WebSite","@id":"https:\/\/www.naturemweltasbl.lu\/#website","url":"https:\/\/www.naturemweltasbl.lu\/","name":"natur&\u00ebmwelt a.s.b.l.","description":"","publisher":{"@id":"https:\/\/www.naturemweltasbl.lu\/#organization"},"potentialAction":[{"@type":"SearchAction","target":{"@type":"EntryPoint","urlTemplate":"https:\/\/www.naturemweltasbl.lu\/?s={search_term_string}"},"query-input":{"@type":"PropertyValueSpecification","valueRequired":true,"valueName":"search_term_string"}}],"inLanguage":"de"},{"@type":"Organization","@id":"https:\/\/www.naturemweltasbl.lu\/#organization","name":"natur&\u00ebmwelt a.s.b.l.","url":"https:\/\/www.naturemweltasbl.lu\/","logo":{"@type":"ImageObject","inLanguage":"de","@id":"https:\/\/www.naturemweltasbl.lu\/#\/schema\/logo\/image\/","url":"https:\/\/www.naturemweltasbl.lu\/wp-content\/uploads\/2024\/07\/NE_Logo_asbl_RGB-e1720014142276.png","contentUrl":"https:\/\/www.naturemweltasbl.lu\/wp-content\/uploads\/2024\/07\/NE_Logo_asbl_RGB-e1720014142276.png","width":432,"height":254,"caption":"natur&\u00ebmwelt a.s.b.l."},"image":{"@id":"https:\/\/www.naturemweltasbl.lu\/#\/schema\/logo\/image\/"},"sameAs":["https:\/\/www.facebook.com\/naturemwelt\/","https:\/\/x.com\/Natur_an_Emwelt","https:\/\/www.instagram.com\/naturemwelt\/","https:\/\/www.youtube.com\/user\/naturemwelt","https:\/\/lu.linkedin.com\/company\/naturemweltasbl?trk=similar-pages"]},{"@type":"Person","@id":"https:\/\/www.naturemweltasbl.lu\/#\/schema\/person\/780c0c42916c8bfd5f0ae43ce4f0e27d","name":"Sarah","image":{"@type":"ImageObject","inLanguage":"de","@id":"https:\/\/secure.gravatar.com\/avatar\/c9b30b67244b24874d7ecbb12985b1ed2b0864870a6fe430a1b8e64fd5fbf006?s=96&d=mm&r=g","url":"https:\/\/secure.gravatar.com\/avatar\/c9b30b67244b24874d7ecbb12985b1ed2b0864870a6fe430a1b8e64fd5fbf006?s=96&d=mm&r=g","contentUrl":"https:\/\/secure.gravatar.com\/avatar\/c9b30b67244b24874d7ecbb12985b1ed2b0864870a6fe430a1b8e64fd5fbf006?s=96&d=mm&r=g","caption":"Sarah"},"url":"https:\/\/www.naturemweltasbl.lu\/de\/author\/sarah-n-e\/"}]}},"_links":{"self":[{"href":"https:\/\/www.naturemweltasbl.lu\/de\/wp-json\/wp\/v2\/posts\/10700","targetHints":{"allow":["GET"]}}],"collection":[{"href":"https:\/\/www.naturemweltasbl.lu\/de\/wp-json\/wp\/v2\/posts"}],"about":[{"href":"https:\/\/www.naturemweltasbl.lu\/de\/wp-json\/wp\/v2\/types\/post"}],"author":[{"embeddable":true,"href":"https:\/\/www.naturemweltasbl.lu\/de\/wp-json\/wp\/v2\/users\/6"}],"replies":[{"embeddable":true,"href":"https:\/\/www.naturemweltasbl.lu\/de\/wp-json\/wp\/v2\/comments?post=10700"}],"version-history":[{"count":4,"href":"https:\/\/www.naturemweltasbl.lu\/de\/wp-json\/wp\/v2\/posts\/10700\/revisions"}],"predecessor-version":[{"id":10704,"href":"https:\/\/www.naturemweltasbl.lu\/de\/wp-json\/wp\/v2\/posts\/10700\/revisions\/10704"}],"wp:featuredmedia":[{"embeddable":true,"href":"https:\/\/www.naturemweltasbl.lu\/de\/wp-json\/wp\/v2\/media\/7461"}],"wp:attachment":[{"href":"https:\/\/www.naturemweltasbl.lu\/de\/wp-json\/wp\/v2\/media?parent=10700"}],"wp:term":[{"taxonomy":"category","embeddable":true,"href":"https:\/\/www.naturemweltasbl.lu\/de\/wp-json\/wp\/v2\/categories?post=10700"},{"taxonomy":"post_tag","embeddable":true,"href":"https:\/\/www.naturemweltasbl.lu\/de\/wp-json\/wp\/v2\/tags?post=10700"},{"taxonomy":"post_folder","embeddable":true,"href":"https:\/\/www.naturemweltasbl.lu\/de\/wp-json\/wp\/v2\/post_folder?post=10700"}],"curies":[{"name":"wp","href":"https:\/\/api.w.org\/{rel}","templated":true}]}}