{"id":10681,"date":"2026-04-28T08:52:12","date_gmt":"2026-04-28T06:52:12","guid":{"rendered":"https:\/\/www.naturemweltasbl.lu\/?p=10681"},"modified":"2026-04-28T08:52:12","modified_gmt":"2026-04-28T06:52:12","slug":"marche-pour-la-terre-2026-de","status":"publish","type":"post","link":"https:\/\/www.naturemweltasbl.lu\/de\/marche-pour-la-terre-2026-de\/","title":{"rendered":"Gemeinsam f\u00fcr die Erde: natur&#038;\u00ebmwelt bei der \u201eMarche pour la Terre\u201c 2026"},"content":{"rendered":"<p data-start=\"78\" data-end=\"373\"><em>Am 22. April 2026, dem <span class=\"hover:entity-accent entity-underline inline cursor-pointer align-baseline\"><span class=\"whitespace-normal\">World Earth Day<\/span><\/span>, war natur&amp;\u00ebmwelt gemeinsam mit zahlreichen zivilgesellschaftlichen Organisationen in Luxemburg auf der Stra\u00dfe vertreten. Im Rahmen der Plattform <span class=\"hover:entity-accent entity-underline inline cursor-pointer align-baseline\"><span class=\"whitespace-normal\">Votum Klima<\/span><\/span> beteiligten wir uns an der \u201eMarche pour la Terre\u201c.<\/em><\/p>\n<p data-start=\"375\" data-end=\"585\">F\u00fcr natur&amp;\u00ebmwelt war die Teilnahme an der Demonstration eine Gelegenheit, unsere Kernbotschaft sichtbar zu machen: Der Schutz der Natur und der Kampf gegen den Klimawandel sind untrennbar miteinander verbunden.<\/p>\n<div class=\"fusion-image-carousel fusion-image-carousel-auto fusion-image-carousel-1\"><div class=\"awb-carousel awb-swiper awb-swiper-carousel awb-carousel--carousel awb-swiper-dots-position-bottom\" data-layout=\"carousel\" data-autoplay=\"no\" data-autoplayspeed=\"2500\" data-autoplaypause=\"no\" data-loop=\"yes\" data-columns=\"3.0\" data-columnsmedium=\"1\" data-columnssmall=\"1\" data-itemmargin=\"13\" data-itemwidth=\"180\" data-touchscroll=\"no\" data-freemode=\"no\" data-imagesize=\"auto\" data-scrollitems=\"0\" data-scrollitems-medium=\"0\" data-scrollitems-small=\"0\" data-centeredslides=\"no\" data-rotationangle=\"50\" data-depth=\"100\" data-speed=\"500\" data-shadow=\"no\" data-pagination=\"bullets\" style=\"--awb-columns:3.0;--awb-dots-align:center;\"><div class=\"swiper-wrapper awb-image-carousel-wrapper fusion-flex-align-items-center\"><div class=\"swiper-slide\"><div class=\"fusion-carousel-item-wrapper\"><div class=\"fusion-image-wrapper hover-type-none\"><img decoding=\"async\" width=\"2048\" height=\"1365\" src=\"https:\/\/www.naturemweltasbl.lu\/wp-content\/uploads\/2026\/04\/23.jpg\" class=\"attachment-full size-full\" alt=\"\" srcset=\"https:\/\/www.naturemweltasbl.lu\/wp-content\/uploads\/2026\/04\/23-200x133.jpg 200w, https:\/\/www.naturemweltasbl.lu\/wp-content\/uploads\/2026\/04\/23-400x267.jpg 400w, https:\/\/www.naturemweltasbl.lu\/wp-content\/uploads\/2026\/04\/23-600x400.jpg 600w, https:\/\/www.naturemweltasbl.lu\/wp-content\/uploads\/2026\/04\/23-800x533.jpg 800w, https:\/\/www.naturemweltasbl.lu\/wp-content\/uploads\/2026\/04\/23-1200x800.jpg 1200w, https:\/\/www.naturemweltasbl.lu\/wp-content\/uploads\/2026\/04\/23.jpg 2048w\" sizes=\"(min-width: 2200px) 100vw, (min-width: 784px) 391px, (min-width: 712px) 587px, (min-width: 640px) 712px, \" \/><\/div><\/div><\/div><div class=\"swiper-slide\"><div class=\"fusion-carousel-item-wrapper\"><div class=\"fusion-image-wrapper hover-type-none\"><img decoding=\"async\" width=\"2048\" height=\"1365\" src=\"https:\/\/www.naturemweltasbl.lu\/wp-content\/uploads\/2026\/04\/27.jpg\" class=\"attachment-full size-full\" alt=\"\" srcset=\"https:\/\/www.naturemweltasbl.lu\/wp-content\/uploads\/2026\/04\/27-200x133.jpg 200w, https:\/\/www.naturemweltasbl.lu\/wp-content\/uploads\/2026\/04\/27-400x267.jpg 400w, https:\/\/www.naturemweltasbl.lu\/wp-content\/uploads\/2026\/04\/27-600x400.jpg 600w, https:\/\/www.naturemweltasbl.lu\/wp-content\/uploads\/2026\/04\/27-800x533.jpg 800w, https:\/\/www.naturemweltasbl.lu\/wp-content\/uploads\/2026\/04\/27-1200x800.jpg 1200w, https:\/\/www.naturemweltasbl.lu\/wp-content\/uploads\/2026\/04\/27.jpg 2048w\" sizes=\"(min-width: 2200px) 100vw, (min-width: 784px) 391px, (min-width: 712px) 587px, (min-width: 640px) 712px, \" \/><\/div><\/div><\/div><div class=\"swiper-slide\"><div class=\"fusion-carousel-item-wrapper\"><div class=\"fusion-image-wrapper hover-type-none\"><img decoding=\"async\" width=\"2048\" height=\"1365\" src=\"https:\/\/www.naturemweltasbl.lu\/wp-content\/uploads\/2026\/04\/26.jpg\" class=\"attachment-full size-full\" alt=\"\" srcset=\"https:\/\/www.naturemweltasbl.lu\/wp-content\/uploads\/2026\/04\/26-200x133.jpg 200w, https:\/\/www.naturemweltasbl.lu\/wp-content\/uploads\/2026\/04\/26-400x267.jpg 400w, https:\/\/www.naturemweltasbl.lu\/wp-content\/uploads\/2026\/04\/26-600x400.jpg 600w, https:\/\/www.naturemweltasbl.lu\/wp-content\/uploads\/2026\/04\/26-800x533.jpg 800w, https:\/\/www.naturemweltasbl.lu\/wp-content\/uploads\/2026\/04\/26-1200x800.jpg 1200w, https:\/\/www.naturemweltasbl.lu\/wp-content\/uploads\/2026\/04\/26.jpg 2048w\" sizes=\"(min-width: 2200px) 100vw, (min-width: 784px) 391px, (min-width: 712px) 587px, (min-width: 640px) 712px, \" \/><\/div><\/div><\/div><div class=\"swiper-slide\"><div class=\"fusion-carousel-item-wrapper\"><div class=\"fusion-image-wrapper hover-type-none\"><img decoding=\"async\" width=\"2048\" height=\"1365\" src=\"https:\/\/www.naturemweltasbl.lu\/wp-content\/uploads\/2026\/04\/25.jpg\" class=\"attachment-full size-full\" alt=\"\" srcset=\"https:\/\/www.naturemweltasbl.lu\/wp-content\/uploads\/2026\/04\/25-200x133.jpg 200w, https:\/\/www.naturemweltasbl.lu\/wp-content\/uploads\/2026\/04\/25-400x267.jpg 400w, https:\/\/www.naturemweltasbl.lu\/wp-content\/uploads\/2026\/04\/25-600x400.jpg 600w, https:\/\/www.naturemweltasbl.lu\/wp-content\/uploads\/2026\/04\/25-800x533.jpg 800w, https:\/\/www.naturemweltasbl.lu\/wp-content\/uploads\/2026\/04\/25-1200x800.jpg 1200w, https:\/\/www.naturemweltasbl.lu\/wp-content\/uploads\/2026\/04\/25.jpg 2048w\" sizes=\"(min-width: 2200px) 100vw, (min-width: 784px) 391px, (min-width: 712px) 587px, (min-width: 640px) 712px, \" \/><\/div><\/div><\/div><div class=\"swiper-slide\"><div class=\"fusion-carousel-item-wrapper\"><div class=\"fusion-image-wrapper hover-type-none\"><img decoding=\"async\" width=\"2048\" height=\"1365\" src=\"https:\/\/www.naturemweltasbl.lu\/wp-content\/uploads\/2026\/04\/24.jpg\" class=\"attachment-full size-full\" alt=\"\" srcset=\"https:\/\/www.naturemweltasbl.lu\/wp-content\/uploads\/2026\/04\/24-200x133.jpg 200w, https:\/\/www.naturemweltasbl.lu\/wp-content\/uploads\/2026\/04\/24-400x267.jpg 400w, https:\/\/www.naturemweltasbl.lu\/wp-content\/uploads\/2026\/04\/24-600x400.jpg 600w, https:\/\/www.naturemweltasbl.lu\/wp-content\/uploads\/2026\/04\/24-800x533.jpg 800w, https:\/\/www.naturemweltasbl.lu\/wp-content\/uploads\/2026\/04\/24-1200x800.jpg 1200w, https:\/\/www.naturemweltasbl.lu\/wp-content\/uploads\/2026\/04\/24.jpg 2048w\" sizes=\"(min-width: 2200px) 100vw, (min-width: 784px) 391px, (min-width: 712px) 587px, (min-width: 640px) 712px, \" \/><\/div><\/div><\/div><\/div><div class=\"awb-swiper-button awb-swiper-button-prev\"><i class=\"awb-icon-angle-left\" aria-hidden=\"true\"><\/i><\/div><div class=\"awb-swiper-button awb-swiper-button-next\"><i class=\"awb-icon-angle-right\" aria-hidden=\"true\"><\/i><\/div><\/div><\/div>\n<h3 data-section-id=\"ls126l\" data-start=\"1072\" data-end=\"1108\">Wichtiger Impuls f\u00fcr die Zukunft<\/h3>\n<p data-start=\"1110\" data-end=\"1317\">Die \u201eMarche pour la Terre\u201c 2026 war nicht nur ein Moment des Zusammenkommens, sondern auch ein Aufruf zum Handeln. Sie zeigt, dass gesellschaftlicher Wandel m\u00f6glich ist, wenn Menschen gemeinsam aktiv werden.<\/p>\n<p data-start=\"1319\" data-end=\"1534\">Bei <span class=\"hover:entity-accent entity-underline inline cursor-pointer align-baseline\"><span class=\"whitespace-normal\">natur&amp;\u00ebmwelt<\/span><\/span> werden wir diesen Impuls weitertragen \u2013 in unseren Projekten, in der Bildungsarbeit und in unserem kontinuierlichen Engagement f\u00fcr den Schutz der Biodiversit\u00e4t in Luxemburg.<\/p>\n<h3 data-section-id=\"bsixk3\" data-start=\"587\" data-end=\"615\">#HandsOffNature im Fokus<\/h3>\n<p data-start=\"617\" data-end=\"960\">Im Rahmen der Demonstration stand f\u00fcr natur&amp;\u00ebmwelt insbesondere die Kampagne <strong data-start=\"694\" data-end=\"713\">#HandsOffNature<\/strong> im Vordergrund. Europ\u00e4ische Naturschutzgesetze leisten einen zentralen Beitrag zum Erhalt der Biodiversit\u00e4t und unserer nat\u00fcrlichen Lebensgrundlagen. Es ist daher entscheidend, dass diese nicht abgeschw\u00e4cht, sondern konsequent beibehalten werden.<\/p>\n<p data-start=\"962\" data-end=\"1070\">Wir laden alle Interessierten ein, die Petition zu unterst\u00fctzen: <a class=\"decorated-link\" href=\"https:\/\/www.naturemweltasbl.lu\/de\/kampagne-handsoffnature\/\" target=\"_new\" rel=\"noopener\" data-start=\"1029\" data-end=\"1070\">www.naturemweltasbl.lu\/de\/handsoffnature\/<\/a><\/p>\n<p data-start=\"953\" data-end=\"1094\">\n<h3 data-section-id=\"k37lyu\" data-start=\"1536\" data-end=\"1565\">Die Rolle von Votum Klima<\/h3>\n<p data-start=\"1567\" data-end=\"1852\">Als Teil von Votum Klima sind wir Teil eines breiten B\u00fcndnisses von 15 luxemburgischen Organisationen aus Umwelt-, Entwicklungs- und Sozialbereichen. Seit 2009 setzt sich die Plattform daf\u00fcr ein, dass Luxemburg eine konsequente klima- und energiepolitische Weiterentwicklung verfolgt.<\/p>\n<p data-start=\"1854\" data-end=\"1909\" data-is-last-node=\"\" data-is-only-node=\"\">Weitere Informationen zu Votum Klima: <a class=\"decorated-link\" href=\"http:\/\/www.votumklima.lu\/\" target=\"_new\" rel=\"noopener\" data-start=\"1892\" data-end=\"1909\" data-is-last-node=\"\">www.votumklima.lu<\/a><\/p>\n<p>&nbsp;<\/p>\n","protected":false},"excerpt":{"rendered":"<p>Am 22. April 2026, dem World Earth Day, war natur&amp;\u00ebmwelt [&#8230;]<\/p>\n","protected":false},"author":11,"featured_media":10685,"comment_status":"closed","ping_status":"closed","sticky":false,"template":"","format":"standard","meta":{"footnotes":""},"categories":[196],"tags":[],"post_folder":[],"class_list":["post-10681","post","type-post","status-publish","format-standard","has-post-thumbnail","hentry","category-nicht-kategorisiert"],"yoast_head":"<!-- This site is optimized with the Yoast SEO plugin v27.4 - https:\/\/yoast.com\/product\/yoast-seo-wordpress\/ -->\n<title>Gemeinsam f\u00fcr die Erde: natur&amp;\u00ebmwelt bei der \u201eMarche pour la Terre\u201c 2026 - natur&amp;\u00ebmwelt a.s.b.l.<\/title>\n<meta name=\"description\" content=\"Am 22. April, dem World Earth Day, war natur&amp;\u00ebmwelt gemeinsam mit zahlreichen Organisationen in Luxemburg auf der Stra\u00dfe vertreten.\" \/>\n<meta name=\"robots\" content=\"index, follow, max-snippet:-1, max-image-preview:large, max-video-preview:-1\" \/>\n<link rel=\"canonical\" href=\"https:\/\/www.naturemweltasbl.lu\/de\/marche-pour-la-terre-2026-de\/\" \/>\n<meta property=\"og:locale\" content=\"de_DE\" \/>\n<meta property=\"og:type\" content=\"article\" \/>\n<meta property=\"og:title\" content=\"Gemeinsam f\u00fcr die Erde: natur&amp;\u00ebmwelt bei der \u201eMarche pour la Terre\u201c 2026 - natur&amp;\u00ebmwelt a.s.b.l.\" \/>\n<meta property=\"og:description\" content=\"Am 22. April, dem World Earth Day, war natur&amp;\u00ebmwelt gemeinsam mit zahlreichen Organisationen in Luxemburg auf der Stra\u00dfe vertreten.\" \/>\n<meta property=\"og:url\" content=\"https:\/\/www.naturemweltasbl.lu\/de\/marche-pour-la-terre-2026-de\/\" \/>\n<meta property=\"og:site_name\" content=\"natur&amp;\u00ebmwelt a.s.b.l.\" \/>\n<meta property=\"article:publisher\" content=\"https:\/\/www.facebook.com\/naturemwelt\/\" \/>\n<meta property=\"article:published_time\" content=\"2026-04-28T06:52:12+00:00\" \/>\n<meta property=\"og:image\" content=\"https:\/\/www.naturemweltasbl.lu\/wp-content\/uploads\/2026\/04\/22-1024x683.jpg\" \/>\n\t<meta property=\"og:image:width\" content=\"1024\" \/>\n\t<meta property=\"og:image:height\" content=\"683\" \/>\n\t<meta property=\"og:image:type\" content=\"image\/jpeg\" \/>\n<meta name=\"author\" content=\"Charly Beck\" \/>\n<meta name=\"twitter:card\" content=\"summary_large_image\" \/>\n<meta name=\"twitter:creator\" content=\"@Natur_an_Emwelt\" \/>\n<meta name=\"twitter:site\" content=\"@Natur_an_Emwelt\" \/>\n<meta name=\"twitter:label1\" content=\"Verfasst von\" \/>\n\t<meta name=\"twitter:data1\" content=\"Charly Beck\" \/>\n\t<meta name=\"twitter:label2\" content=\"Gesch\u00e4tzte Lesezeit\" \/>\n\t<meta name=\"twitter:data2\" content=\"3\u00a0Minuten\" \/>\n<script type=\"application\/ld+json\" class=\"yoast-schema-graph\">{\"@context\":\"https:\\\/\\\/schema.org\",\"@graph\":[{\"@type\":\"Article\",\"@id\":\"https:\\\/\\\/www.naturemweltasbl.lu\\\/de\\\/marche-pour-la-terre-2026-de\\\/#article\",\"isPartOf\":{\"@id\":\"https:\\\/\\\/www.naturemweltasbl.lu\\\/de\\\/marche-pour-la-terre-2026-de\\\/\"},\"author\":{\"name\":\"Charly Beck\",\"@id\":\"https:\\\/\\\/www.naturemweltasbl.lu\\\/#\\\/schema\\\/person\\\/c3e7c4b432b6869ef4e550e2ae779a9f\"},\"headline\":\"Gemeinsam f\u00fcr die Erde: natur&#038;\u00ebmwelt bei der \u201eMarche pour la Terre\u201c 2026\",\"datePublished\":\"2026-04-28T06:52:12+00:00\",\"mainEntityOfPage\":{\"@id\":\"https:\\\/\\\/www.naturemweltasbl.lu\\\/de\\\/marche-pour-la-terre-2026-de\\\/\"},\"wordCount\":662,\"publisher\":{\"@id\":\"https:\\\/\\\/www.naturemweltasbl.lu\\\/#organization\"},\"image\":{\"@id\":\"https:\\\/\\\/www.naturemweltasbl.lu\\\/de\\\/marche-pour-la-terre-2026-de\\\/#primaryimage\"},\"thumbnailUrl\":\"https:\\\/\\\/www.naturemweltasbl.lu\\\/wp-content\\\/uploads\\\/2026\\\/04\\\/22.jpg\",\"articleSection\":[\"Nicht kategorisiert\"],\"inLanguage\":\"de\"},{\"@type\":\"WebPage\",\"@id\":\"https:\\\/\\\/www.naturemweltasbl.lu\\\/de\\\/marche-pour-la-terre-2026-de\\\/\",\"url\":\"https:\\\/\\\/www.naturemweltasbl.lu\\\/de\\\/marche-pour-la-terre-2026-de\\\/\",\"name\":\"Gemeinsam f\u00fcr die Erde: natur&\u00ebmwelt bei der \u201eMarche pour la Terre\u201c 2026 - natur&amp;\u00ebmwelt a.s.b.l.\",\"isPartOf\":{\"@id\":\"https:\\\/\\\/www.naturemweltasbl.lu\\\/#website\"},\"primaryImageOfPage\":{\"@id\":\"https:\\\/\\\/www.naturemweltasbl.lu\\\/de\\\/marche-pour-la-terre-2026-de\\\/#primaryimage\"},\"image\":{\"@id\":\"https:\\\/\\\/www.naturemweltasbl.lu\\\/de\\\/marche-pour-la-terre-2026-de\\\/#primaryimage\"},\"thumbnailUrl\":\"https:\\\/\\\/www.naturemweltasbl.lu\\\/wp-content\\\/uploads\\\/2026\\\/04\\\/22.jpg\",\"datePublished\":\"2026-04-28T06:52:12+00:00\",\"description\":\"Am 22. April, dem World Earth Day, war natur&\u00ebmwelt gemeinsam mit zahlreichen Organisationen in Luxemburg auf der Stra\u00dfe vertreten.\",\"breadcrumb\":{\"@id\":\"https:\\\/\\\/www.naturemweltasbl.lu\\\/de\\\/marche-pour-la-terre-2026-de\\\/#breadcrumb\"},\"inLanguage\":\"de\",\"potentialAction\":[{\"@type\":\"ReadAction\",\"target\":[\"https:\\\/\\\/www.naturemweltasbl.lu\\\/de\\\/marche-pour-la-terre-2026-de\\\/\"]}]},{\"@type\":\"ImageObject\",\"inLanguage\":\"de\",\"@id\":\"https:\\\/\\\/www.naturemweltasbl.lu\\\/de\\\/marche-pour-la-terre-2026-de\\\/#primaryimage\",\"url\":\"https:\\\/\\\/www.naturemweltasbl.lu\\\/wp-content\\\/uploads\\\/2026\\\/04\\\/22.jpg\",\"contentUrl\":\"https:\\\/\\\/www.naturemweltasbl.lu\\\/wp-content\\\/uploads\\\/2026\\\/04\\\/22.jpg\",\"width\":2048,\"height\":1365},{\"@type\":\"BreadcrumbList\",\"@id\":\"https:\\\/\\\/www.naturemweltasbl.lu\\\/de\\\/marche-pour-la-terre-2026-de\\\/#breadcrumb\",\"itemListElement\":[{\"@type\":\"ListItem\",\"position\":1,\"name\":\"Startseite\",\"item\":\"https:\\\/\\\/www.naturemweltasbl.lu\\\/de\\\/\"},{\"@type\":\"ListItem\",\"position\":2,\"name\":\"Gemeinsam f\u00fcr die Erde: natur&#038;\u00ebmwelt bei der \u201eMarche pour la Terre\u201c 2026\"}]},{\"@type\":\"WebSite\",\"@id\":\"https:\\\/\\\/www.naturemweltasbl.lu\\\/#website\",\"url\":\"https:\\\/\\\/www.naturemweltasbl.lu\\\/\",\"name\":\"natur&\u00ebmwelt a.s.b.l.\",\"description\":\"\",\"publisher\":{\"@id\":\"https:\\\/\\\/www.naturemweltasbl.lu\\\/#organization\"},\"potentialAction\":[{\"@type\":\"SearchAction\",\"target\":{\"@type\":\"EntryPoint\",\"urlTemplate\":\"https:\\\/\\\/www.naturemweltasbl.lu\\\/?s={search_term_string}\"},\"query-input\":{\"@type\":\"PropertyValueSpecification\",\"valueRequired\":true,\"valueName\":\"search_term_string\"}}],\"inLanguage\":\"de\"},{\"@type\":\"Organization\",\"@id\":\"https:\\\/\\\/www.naturemweltasbl.lu\\\/#organization\",\"name\":\"natur&\u00ebmwelt a.s.b.l.\",\"url\":\"https:\\\/\\\/www.naturemweltasbl.lu\\\/\",\"logo\":{\"@type\":\"ImageObject\",\"inLanguage\":\"de\",\"@id\":\"https:\\\/\\\/www.naturemweltasbl.lu\\\/#\\\/schema\\\/logo\\\/image\\\/\",\"url\":\"https:\\\/\\\/www.naturemweltasbl.lu\\\/wp-content\\\/uploads\\\/2024\\\/07\\\/NE_Logo_asbl_RGB-e1720014142276.png\",\"contentUrl\":\"https:\\\/\\\/www.naturemweltasbl.lu\\\/wp-content\\\/uploads\\\/2024\\\/07\\\/NE_Logo_asbl_RGB-e1720014142276.png\",\"width\":432,\"height\":254,\"caption\":\"natur&\u00ebmwelt a.s.b.l.\"},\"image\":{\"@id\":\"https:\\\/\\\/www.naturemweltasbl.lu\\\/#\\\/schema\\\/logo\\\/image\\\/\"},\"sameAs\":[\"https:\\\/\\\/www.facebook.com\\\/naturemwelt\\\/\",\"https:\\\/\\\/x.com\\\/Natur_an_Emwelt\",\"https:\\\/\\\/www.instagram.com\\\/naturemwelt\\\/\",\"https:\\\/\\\/www.youtube.com\\\/user\\\/naturemwelt\",\"https:\\\/\\\/lu.linkedin.com\\\/company\\\/naturemweltasbl?trk=similar-pages\"]},{\"@type\":\"Person\",\"@id\":\"https:\\\/\\\/www.naturemweltasbl.lu\\\/#\\\/schema\\\/person\\\/c3e7c4b432b6869ef4e550e2ae779a9f\",\"name\":\"Charly Beck\",\"image\":{\"@type\":\"ImageObject\",\"inLanguage\":\"de\",\"@id\":\"https:\\\/\\\/secure.gravatar.com\\\/avatar\\\/7334dbd59fdcb120187a28dd92e90d67cde56f90ed153d7372091b08457506d3?s=96&d=mm&r=g\",\"url\":\"https:\\\/\\\/secure.gravatar.com\\\/avatar\\\/7334dbd59fdcb120187a28dd92e90d67cde56f90ed153d7372091b08457506d3?s=96&d=mm&r=g\",\"contentUrl\":\"https:\\\/\\\/secure.gravatar.com\\\/avatar\\\/7334dbd59fdcb120187a28dd92e90d67cde56f90ed153d7372091b08457506d3?s=96&d=mm&r=g\",\"caption\":\"Charly Beck\"},\"sameAs\":[\"https:\\\/\\\/naturemweltasbl.lu\"],\"url\":\"https:\\\/\\\/www.naturemweltasbl.lu\\\/de\\\/author\\\/charly-n-e\\\/\"}]}<\/script>\n<!-- \/ Yoast SEO plugin. -->","yoast_head_json":{"title":"Gemeinsam f\u00fcr die Erde: natur&\u00ebmwelt bei der \u201eMarche pour la Terre\u201c 2026 - natur&amp;\u00ebmwelt a.s.b.l.","description":"Am 22. April, dem World Earth Day, war natur&\u00ebmwelt gemeinsam mit zahlreichen Organisationen in Luxemburg auf der Stra\u00dfe vertreten.","robots":{"index":"index","follow":"follow","max-snippet":"max-snippet:-1","max-image-preview":"max-image-preview:large","max-video-preview":"max-video-preview:-1"},"canonical":"https:\/\/www.naturemweltasbl.lu\/de\/marche-pour-la-terre-2026-de\/","og_locale":"de_DE","og_type":"article","og_title":"Gemeinsam f\u00fcr die Erde: natur&\u00ebmwelt bei der \u201eMarche pour la Terre\u201c 2026 - natur&amp;\u00ebmwelt a.s.b.l.","og_description":"Am 22. April, dem World Earth Day, war natur&\u00ebmwelt gemeinsam mit zahlreichen Organisationen in Luxemburg auf der Stra\u00dfe vertreten.","og_url":"https:\/\/www.naturemweltasbl.lu\/de\/marche-pour-la-terre-2026-de\/","og_site_name":"natur&amp;\u00ebmwelt a.s.b.l.","article_publisher":"https:\/\/www.facebook.com\/naturemwelt\/","article_published_time":"2026-04-28T06:52:12+00:00","og_image":[{"width":1024,"height":683,"url":"https:\/\/www.naturemweltasbl.lu\/wp-content\/uploads\/2026\/04\/22-1024x683.jpg","type":"image\/jpeg"}],"author":"Charly Beck","twitter_card":"summary_large_image","twitter_creator":"@Natur_an_Emwelt","twitter_site":"@Natur_an_Emwelt","twitter_misc":{"Verfasst von":"Charly Beck","Gesch\u00e4tzte Lesezeit":"3\u00a0Minuten"},"schema":{"@context":"https:\/\/schema.org","@graph":[{"@type":"Article","@id":"https:\/\/www.naturemweltasbl.lu\/de\/marche-pour-la-terre-2026-de\/#article","isPartOf":{"@id":"https:\/\/www.naturemweltasbl.lu\/de\/marche-pour-la-terre-2026-de\/"},"author":{"name":"Charly Beck","@id":"https:\/\/www.naturemweltasbl.lu\/#\/schema\/person\/c3e7c4b432b6869ef4e550e2ae779a9f"},"headline":"Gemeinsam f\u00fcr die Erde: natur&#038;\u00ebmwelt bei der \u201eMarche pour la Terre\u201c 2026","datePublished":"2026-04-28T06:52:12+00:00","mainEntityOfPage":{"@id":"https:\/\/www.naturemweltasbl.lu\/de\/marche-pour-la-terre-2026-de\/"},"wordCount":662,"publisher":{"@id":"https:\/\/www.naturemweltasbl.lu\/#organization"},"image":{"@id":"https:\/\/www.naturemweltasbl.lu\/de\/marche-pour-la-terre-2026-de\/#primaryimage"},"thumbnailUrl":"https:\/\/www.naturemweltasbl.lu\/wp-content\/uploads\/2026\/04\/22.jpg","articleSection":["Nicht kategorisiert"],"inLanguage":"de"},{"@type":"WebPage","@id":"https:\/\/www.naturemweltasbl.lu\/de\/marche-pour-la-terre-2026-de\/","url":"https:\/\/www.naturemweltasbl.lu\/de\/marche-pour-la-terre-2026-de\/","name":"Gemeinsam f\u00fcr die Erde: natur&\u00ebmwelt bei der \u201eMarche pour la Terre\u201c 2026 - natur&amp;\u00ebmwelt a.s.b.l.","isPartOf":{"@id":"https:\/\/www.naturemweltasbl.lu\/#website"},"primaryImageOfPage":{"@id":"https:\/\/www.naturemweltasbl.lu\/de\/marche-pour-la-terre-2026-de\/#primaryimage"},"image":{"@id":"https:\/\/www.naturemweltasbl.lu\/de\/marche-pour-la-terre-2026-de\/#primaryimage"},"thumbnailUrl":"https:\/\/www.naturemweltasbl.lu\/wp-content\/uploads\/2026\/04\/22.jpg","datePublished":"2026-04-28T06:52:12+00:00","description":"Am 22. April, dem World Earth Day, war natur&\u00ebmwelt gemeinsam mit zahlreichen Organisationen in Luxemburg auf der Stra\u00dfe vertreten.","breadcrumb":{"@id":"https:\/\/www.naturemweltasbl.lu\/de\/marche-pour-la-terre-2026-de\/#breadcrumb"},"inLanguage":"de","potentialAction":[{"@type":"ReadAction","target":["https:\/\/www.naturemweltasbl.lu\/de\/marche-pour-la-terre-2026-de\/"]}]},{"@type":"ImageObject","inLanguage":"de","@id":"https:\/\/www.naturemweltasbl.lu\/de\/marche-pour-la-terre-2026-de\/#primaryimage","url":"https:\/\/www.naturemweltasbl.lu\/wp-content\/uploads\/2026\/04\/22.jpg","contentUrl":"https:\/\/www.naturemweltasbl.lu\/wp-content\/uploads\/2026\/04\/22.jpg","width":2048,"height":1365},{"@type":"BreadcrumbList","@id":"https:\/\/www.naturemweltasbl.lu\/de\/marche-pour-la-terre-2026-de\/#breadcrumb","itemListElement":[{"@type":"ListItem","position":1,"name":"Startseite","item":"https:\/\/www.naturemweltasbl.lu\/de\/"},{"@type":"ListItem","position":2,"name":"Gemeinsam f\u00fcr die Erde: natur&#038;\u00ebmwelt bei der \u201eMarche pour la Terre\u201c 2026"}]},{"@type":"WebSite","@id":"https:\/\/www.naturemweltasbl.lu\/#website","url":"https:\/\/www.naturemweltasbl.lu\/","name":"natur&\u00ebmwelt a.s.b.l.","description":"","publisher":{"@id":"https:\/\/www.naturemweltasbl.lu\/#organization"},"potentialAction":[{"@type":"SearchAction","target":{"@type":"EntryPoint","urlTemplate":"https:\/\/www.naturemweltasbl.lu\/?s={search_term_string}"},"query-input":{"@type":"PropertyValueSpecification","valueRequired":true,"valueName":"search_term_string"}}],"inLanguage":"de"},{"@type":"Organization","@id":"https:\/\/www.naturemweltasbl.lu\/#organization","name":"natur&\u00ebmwelt a.s.b.l.","url":"https:\/\/www.naturemweltasbl.lu\/","logo":{"@type":"ImageObject","inLanguage":"de","@id":"https:\/\/www.naturemweltasbl.lu\/#\/schema\/logo\/image\/","url":"https:\/\/www.naturemweltasbl.lu\/wp-content\/uploads\/2024\/07\/NE_Logo_asbl_RGB-e1720014142276.png","contentUrl":"https:\/\/www.naturemweltasbl.lu\/wp-content\/uploads\/2024\/07\/NE_Logo_asbl_RGB-e1720014142276.png","width":432,"height":254,"caption":"natur&\u00ebmwelt a.s.b.l."},"image":{"@id":"https:\/\/www.naturemweltasbl.lu\/#\/schema\/logo\/image\/"},"sameAs":["https:\/\/www.facebook.com\/naturemwelt\/","https:\/\/x.com\/Natur_an_Emwelt","https:\/\/www.instagram.com\/naturemwelt\/","https:\/\/www.youtube.com\/user\/naturemwelt","https:\/\/lu.linkedin.com\/company\/naturemweltasbl?trk=similar-pages"]},{"@type":"Person","@id":"https:\/\/www.naturemweltasbl.lu\/#\/schema\/person\/c3e7c4b432b6869ef4e550e2ae779a9f","name":"Charly Beck","image":{"@type":"ImageObject","inLanguage":"de","@id":"https:\/\/secure.gravatar.com\/avatar\/7334dbd59fdcb120187a28dd92e90d67cde56f90ed153d7372091b08457506d3?s=96&d=mm&r=g","url":"https:\/\/secure.gravatar.com\/avatar\/7334dbd59fdcb120187a28dd92e90d67cde56f90ed153d7372091b08457506d3?s=96&d=mm&r=g","contentUrl":"https:\/\/secure.gravatar.com\/avatar\/7334dbd59fdcb120187a28dd92e90d67cde56f90ed153d7372091b08457506d3?s=96&d=mm&r=g","caption":"Charly Beck"},"sameAs":["https:\/\/naturemweltasbl.lu"],"url":"https:\/\/www.naturemweltasbl.lu\/de\/author\/charly-n-e\/"}]}},"_links":{"self":[{"href":"https:\/\/www.naturemweltasbl.lu\/de\/wp-json\/wp\/v2\/posts\/10681","targetHints":{"allow":["GET"]}}],"collection":[{"href":"https:\/\/www.naturemweltasbl.lu\/de\/wp-json\/wp\/v2\/posts"}],"about":[{"href":"https:\/\/www.naturemweltasbl.lu\/de\/wp-json\/wp\/v2\/types\/post"}],"author":[{"embeddable":true,"href":"https:\/\/www.naturemweltasbl.lu\/de\/wp-json\/wp\/v2\/users\/11"}],"replies":[{"embeddable":true,"href":"https:\/\/www.naturemweltasbl.lu\/de\/wp-json\/wp\/v2\/comments?post=10681"}],"version-history":[{"count":2,"href":"https:\/\/www.naturemweltasbl.lu\/de\/wp-json\/wp\/v2\/posts\/10681\/revisions"}],"predecessor-version":[{"id":10698,"href":"https:\/\/www.naturemweltasbl.lu\/de\/wp-json\/wp\/v2\/posts\/10681\/revisions\/10698"}],"wp:featuredmedia":[{"embeddable":true,"href":"https:\/\/www.naturemweltasbl.lu\/de\/wp-json\/wp\/v2\/media\/10685"}],"wp:attachment":[{"href":"https:\/\/www.naturemweltasbl.lu\/de\/wp-json\/wp\/v2\/media?parent=10681"}],"wp:term":[{"taxonomy":"category","embeddable":true,"href":"https:\/\/www.naturemweltasbl.lu\/de\/wp-json\/wp\/v2\/categories?post=10681"},{"taxonomy":"post_tag","embeddable":true,"href":"https:\/\/www.naturemweltasbl.lu\/de\/wp-json\/wp\/v2\/tags?post=10681"},{"taxonomy":"post_folder","embeddable":true,"href":"https:\/\/www.naturemweltasbl.lu\/de\/wp-json\/wp\/v2\/post_folder?post=10681"}],"curies":[{"name":"wp","href":"https:\/\/api.w.org\/{rel}","templated":true}]}}