{"id":10177,"global_id":"www.naturemweltasbl.lu\/de\/?id=10177","global_id_lineage":["www.naturemweltasbl.lu\/de\/?id=10177"],"author":"6","status":"publish","date":"2026-03-11 15:34:40","date_utc":"2026-03-11 14:34:40","modified":"2026-03-11 15:37:16","modified_utc":"2026-03-11 14:37:16","url":"https:\/\/www.naturemweltasbl.lu\/de\/event\/quest-ce-qui-chante-la-bas-2\/","rest_url":"https:\/\/www.naturemweltasbl.lu\/de\/wp-json\/tribe\/events\/v1\/events\/10177","title":"Was singt denn da?","description":"<p>Gef\u00fchrte Besichtigung im Naturreservat \u201eSchlammwiss-Syrdall\u201c in Uebersyrenum in diesem Feuchtgr\u00fcnland und im Teichgebiet das Fr\u00fchlingserwachen der Natur zu entdecken und die Ges\u00e4nge der Brut- und Zugv\u00f6gel kennenzulernen. Angepasste Kleidung, robuste Schuhe und Ferngl\u00e4ser sind erforderlich.<\/p>\n<p><strong>Ort:<\/strong> Parkplatz Fu\u00dfballfeld Munsbach, 3a, rue de Beyren L-5376 Uebersyren<\/p>\n<p><strong>Anmeldung bis:<\/strong> 15.05.<br \/>\n<strong>Sprachen:<\/strong> LU, DE, FR, EN<br \/>\n<strong>Organisation:<\/strong> Natur- a Vulleschutzver\u00e4in Ieweschte Syrdall<br \/>\n<strong>Kontakt:<\/strong> Jim Schmitz ; syrdallbirds@gmail.com<br \/>\n<strong>Website:<\/strong> www.syrdallbirds.lu<\/p>","excerpt":"","slug":"quest-ce-qui-chante-la-bas-2","image":{"url":"https:\/\/www.naturemweltasbl.lu\/wp-content\/uploads\/2026\/03\/En-Dag-an-der-Natur-Cover.jpg","id":10121,"extension":"jpg","width":1771,"height":1181,"filesize":2271886,"sizes":{"medium":{"width":300,"height":200,"mime-type":"image\/jpeg","filesize":33009,"url":"https:\/\/www.naturemweltasbl.lu\/wp-content\/uploads\/2026\/03\/En-Dag-an-der-Natur-Cover-300x200.jpg"},"large":{"width":1024,"height":683,"mime-type":"image\/jpeg","filesize":226395,"url":"https:\/\/www.naturemweltasbl.lu\/wp-content\/uploads\/2026\/03\/En-Dag-an-der-Natur-Cover-1024x683.jpg"},"thumbnail":{"width":150,"height":150,"mime-type":"image\/jpeg","filesize":16274,"url":"https:\/\/www.naturemweltasbl.lu\/wp-content\/uploads\/2026\/03\/En-Dag-an-der-Natur-Cover-150x150.jpg"},"medium_large":{"width":768,"height":512,"mime-type":"image\/jpeg","filesize":144504,"url":"https:\/\/www.naturemweltasbl.lu\/wp-content\/uploads\/2026\/03\/En-Dag-an-der-Natur-Cover-768x512.jpg"},"1536x1536":{"width":1536,"height":1024,"mime-type":"image\/jpeg","filesize":416159,"url":"https:\/\/www.naturemweltasbl.lu\/wp-content\/uploads\/2026\/03\/En-Dag-an-der-Natur-Cover-1536x1024.jpg"},"blog-large":{"width":669,"height":272,"mime-type":"image\/jpeg","filesize":68421,"url":"https:\/\/www.naturemweltasbl.lu\/wp-content\/uploads\/2026\/03\/En-Dag-an-der-Natur-Cover-669x272.jpg"},"blog-medium":{"width":320,"height":202,"mime-type":"image\/jpeg","filesize":35238,"url":"https:\/\/www.naturemweltasbl.lu\/wp-content\/uploads\/2026\/03\/En-Dag-an-der-Natur-Cover-320x202.jpg"},"recent-posts":{"width":700,"height":441,"mime-type":"image\/jpeg","filesize":118917,"url":"https:\/\/www.naturemweltasbl.lu\/wp-content\/uploads\/2026\/03\/En-Dag-an-der-Natur-Cover-700x441.jpg"},"recent-works-thumbnail":{"width":66,"height":66,"mime-type":"image\/jpeg","filesize":7025,"url":"https:\/\/www.naturemweltasbl.lu\/wp-content\/uploads\/2026\/03\/En-Dag-an-der-Natur-Cover-66x66.jpg"},"fusion-200":{"width":200,"height":133,"mime-type":"image\/jpeg","filesize":18009,"url":"https:\/\/www.naturemweltasbl.lu\/wp-content\/uploads\/2026\/03\/En-Dag-an-der-Natur-Cover-200x133.jpg"},"fusion-400":{"width":400,"height":267,"mime-type":"image\/jpeg","filesize":52796,"url":"https:\/\/www.naturemweltasbl.lu\/wp-content\/uploads\/2026\/03\/En-Dag-an-der-Natur-Cover-400x267.jpg"},"fusion-600":{"width":600,"height":400,"mime-type":"image\/jpeg","filesize":98517,"url":"https:\/\/www.naturemweltasbl.lu\/wp-content\/uploads\/2026\/03\/En-Dag-an-der-Natur-Cover-600x400.jpg"},"fusion-800":{"width":800,"height":533,"mime-type":"image\/jpeg","filesize":154702,"url":"https:\/\/www.naturemweltasbl.lu\/wp-content\/uploads\/2026\/03\/En-Dag-an-der-Natur-Cover-800x533.jpg"},"fusion-1200":{"width":1200,"height":800,"mime-type":"image\/jpeg","filesize":286948,"url":"https:\/\/www.naturemweltasbl.lu\/wp-content\/uploads\/2026\/03\/En-Dag-an-der-Natur-Cover-1200x800.jpg"},"portfolio-full":{"width":940,"height":400,"mime-type":"image\/jpeg","filesize":119270,"url":"https:\/\/www.naturemweltasbl.lu\/wp-content\/uploads\/2026\/03\/En-Dag-an-der-Natur-Cover-940x400.jpg"},"portfolio-one":{"width":540,"height":272,"mime-type":"image\/jpeg","filesize":62230,"url":"https:\/\/www.naturemweltasbl.lu\/wp-content\/uploads\/2026\/03\/En-Dag-an-der-Natur-Cover-540x272.jpg"},"portfolio-two":{"width":460,"height":295,"mime-type":"image\/jpeg","filesize":62685,"url":"https:\/\/www.naturemweltasbl.lu\/wp-content\/uploads\/2026\/03\/En-Dag-an-der-Natur-Cover-460x295.jpg"},"portfolio-three":{"width":300,"height":214,"mime-type":"image\/jpeg","filesize":35041,"url":"https:\/\/www.naturemweltasbl.lu\/wp-content\/uploads\/2026\/03\/En-Dag-an-der-Natur-Cover-300x214.jpg"},"portfolio-five":{"width":177,"height":142,"mime-type":"image\/jpeg","filesize":17537,"url":"https:\/\/www.naturemweltasbl.lu\/wp-content\/uploads\/2026\/03\/En-Dag-an-der-Natur-Cover-177x142.jpg"},"woocommerce_thumbnail":{"width":500,"height":333,"mime-type":"image\/jpeg","filesize":74860,"url":"https:\/\/www.naturemweltasbl.lu\/wp-content\/uploads\/2026\/03\/En-Dag-an-der-Natur-Cover-500x333.jpg"},"woocommerce_single":{"width":700,"height":467,"mime-type":"image\/jpeg","filesize":126757,"url":"https:\/\/www.naturemweltasbl.lu\/wp-content\/uploads\/2026\/03\/En-Dag-an-der-Natur-Cover-700x467.jpg"},"woocommerce_gallery_thumbnail":{"width":200,"height":200,"mime-type":"image\/jpeg","filesize":24275,"url":"https:\/\/www.naturemweltasbl.lu\/wp-content\/uploads\/2026\/03\/En-Dag-an-der-Natur-Cover-200x200.jpg"}}},"all_day":false,"start_date":"2026-05-16 09:00:00","start_date_details":{"year":"2026","month":"05","day":"16","hour":"09","minutes":"00","seconds":"00"},"end_date":"2026-05-16 09:00:00","end_date_details":{"year":"2026","month":"05","day":"16","hour":"09","minutes":"00","seconds":"00"},"utc_start_date":"2026-05-16 07:00:00","utc_start_date_details":{"year":"2026","month":"05","day":"16","hour":"07","minutes":"00","seconds":"00"},"utc_end_date":"2026-05-16 07:00:00","utc_end_date_details":{"year":"2026","month":"05","day":"16","hour":"07","minutes":"00","seconds":"00"},"timezone":"Europe\/Zurich","timezone_abbr":"CEST","cost":"","cost_details":{"currency_symbol":"\u20ac","currency_code":"EUR","currency_position":"prefix","values":[]},"website":"","show_map":true,"show_map_link":true,"hide_from_listings":false,"sticky":false,"featured":false,"categories":[],"tags":[],"venue":[],"organizer":[],"custom_fields":[],"json_ld":{"@context":"http:\/\/schema.org","@type":"Event","name":"Was singt denn da?","description":"&lt;p&gt;Gef\u00fchrte Besichtigung im Naturreservat \u201eSchlammwiss-Syrdall\u201c in Uebersyrenum in diesem Feuchtgr\u00fcnland [...]&lt;\/p&gt;\\n","image":"https:\/\/www.naturemweltasbl.lu\/wp-content\/uploads\/2026\/03\/En-Dag-an-der-Natur-Cover.jpg","url":"https:\/\/www.naturemweltasbl.lu\/de\/event\/quest-ce-qui-chante-la-bas-2\/","eventAttendanceMode":"https:\/\/schema.org\/OfflineEventAttendanceMode","eventStatus":"https:\/\/schema.org\/EventScheduled","startDate":"2026-05-16T09:00:00+02:00","endDate":"2026-05-16T09:00:00+02:00","performer":"Organization"}}